{"id":4523,"date":"2019-05-22T08:24:24","date_gmt":"2019-05-22T06:24:24","guid":{"rendered":"http:\/\/izzobyo.com\/?p=4523"},"modified":"2019-05-22T08:24:24","modified_gmt":"2019-05-22T06:24:24","slug":"no-te-pierdas-el-world-press-photo","status":"publish","type":"post","link":"https:\/\/izzobyo.com\/index.php\/2019\/05\/22\/no-te-pierdas-el-world-press-photo\/","title":{"rendered":"No te pierdas el World Press Photo!"},"content":{"rendered":"\n<p>Esta semana finaliza el World Press Photo 2019 Barcelona en el CCCB (<a href=\"https:\/\/www.worldpressphoto.org\/\">https:\/\/www.worldpressphoto.org\/<\/a>). Si est\u00e1s en Barcelona o te queda cerca, no deber\u00edas perderos la exposici\u00f3n. Im\u00e1genes impactantes de la miseria humana te har\u00e1n reflexionar sobre nuestro modelo de vida.<\/p>\n\n\n\n<figure class=\"wp-block-image\"><img src=\"http:\/\/izzobyo.com\/wp-content\/uploads\/2019\/05\/20190507_182616-1024x768.jpg\" alt=\"\" class=\"wp-image-4525\"\/><\/figure>\n\n\n\n<p>Los amantes de la naturaleza encontrar\u00e1n su sitio con las\nim\u00e1genes de Ingo Arndt (<a href=\"https:\/\/www.ingoarndt.com\/\">https:\/\/www.ingoarndt.com\/<\/a>) a trav\u00e9s de una serie\ntomada en Torres del Paine que es una maravilla para la vista. <\/p>\n\n\n\n<figure class=\"wp-block-image\"><img src=\"http:\/\/izzobyo.com\/wp-content\/uploads\/2019\/05\/20190507_183056-1-1024x768.jpg\" alt=\"\" class=\"wp-image-4526\"\/><\/figure>\n\n\n\n<p>Tambi\u00e9n encontrareis una interesante visi\u00f3n de Angel Fitor, a\nquien ten\u00e9is este a\u00f1o como jurado del prestigioso concurso de fotograf\u00eda de\nnaturaleza Montphoto (<a href=\"https:\/\/montphoto.com\/\">https:\/\/montphoto.com<\/a>). En el apartado\ndenuncia, y dentro de la tem\u00e1tica de naturaleza, tenemos a la visi\u00f3n de Bence\nMate\u2019s sobre el consumo de ancas de rana. <\/p>\n\n\n\n<figure class=\"wp-block-image\"><img src=\"http:\/\/izzobyo.com\/wp-content\/uploads\/2019\/05\/20190507_184251-1024x768.jpg\" alt=\"\" class=\"wp-image-4527\"\/><\/figure>\n\n\n\n<p>Sorprende la historia contada a trav\u00e9s de im\u00e1genes de un\nflamenco rescatado en el caribe, su convivencia entre en la sociedad local y\nsus aptitudes como embajador de su entorno. <\/p>\n\n\n\n<figure class=\"wp-block-image\"><img src=\"http:\/\/izzobyo.com\/wp-content\/uploads\/2019\/05\/20190507_184305-1024x768.jpg\" alt=\"\" class=\"wp-image-4528\"\/><\/figure>\n\n\n\n<p>No seguimos dando m\u00e1s pistas, encarecidamente te recomendamos\nvisitarla, te va a encantar. <\/p>\n\n\n\n<p>Adem\u00e1s de Barcelona puedes encontrarla en otras localidades. Te\ndejamos un link: <a href=\"https:\/\/www.worldpressphoto.org\/calendar\">https:\/\/www.worldpressphoto.org\/calendar<\/a> para que le puedas seguir\nlos pasos y desplazarte all\u00ed donde te sea m\u00e1s f\u00e1cil.<\/p>\n","protected":false},"excerpt":{"rendered":"<p>Esta semana finaliza el World Press Photo 2019 Barcelona en el CCCB (https:\/\/www.worldpressphoto.org\/). Si est\u00e1s en Barcelona o te queda cerca, no deber\u00edas perderos la exposici\u00f3n. Im\u00e1genes impactantes de la miseria humana te har\u00e1n reflexionar sobre nuestro modelo de vida. Los amantes de la naturaleza encontrar\u00e1n su sitio con las im\u00e1genes de Ingo Arndt (https:\/\/www.ingoarndt.com\/)&hellip;<\/p>\n","protected":false},"author":1,"featured_media":4530,"comment_status":"open","ping_status":"open","sticky":false,"template":"","format":"standard","meta":{"_monsterinsights_skip_tracking":false},"categories":[1],"tags":[],"yoast_head":"<!-- This site is optimized with the Yoast SEO plugin v14.0.4 - https:\/\/yoast.com\/wordpress\/plugins\/seo\/ -->\n<title>No te pierdas el World Press Photo! ~ productora audiovisual medio ambiente y naturaleza<\/title>\n<meta name=\"description\" content=\"Productora audiovisual naturaleza y medioambiente. Videos turismo sostenible, actividades outdoor. Cursos y talleres de fotograf\u00eda de naturaleza.\" \/>\n<meta name=\"robots\" content=\"index, follow\" \/>\n<meta name=\"googlebot\" content=\"index, follow, max-snippet:-1, max-image-preview:large, max-video-preview:-1\" \/>\n<meta name=\"bingbot\" content=\"index, follow, max-snippet:-1, max-image-preview:large, max-video-preview:-1\" \/>\n<link rel=\"canonical\" href=\"http:\/\/izzobyo.com\/index.php\/2019\/05\/22\/no-te-pierdas-el-world-press-photo\/\" \/>\n<meta property=\"og:locale\" content=\"es_ES\" \/>\n<meta property=\"og:type\" content=\"article\" \/>\n<meta property=\"og:title\" content=\"No te pierdas el World Press Photo! ~ productora audiovisual medio ambiente y naturaleza\" \/>\n<meta property=\"og:description\" content=\"Productora audiovisual naturaleza y medioambiente. Videos turismo sostenible, actividades outdoor. Cursos y talleres de fotograf\u00eda de naturaleza.\" \/>\n<meta property=\"og:url\" content=\"http:\/\/izzobyo.com\/index.php\/2019\/05\/22\/no-te-pierdas-el-world-press-photo\/\" \/>\n<meta property=\"og:site_name\" content=\"productora audiovisual medio ambiente y naturaleza\" \/>\n<meta property=\"article:publisher\" content=\"https:\/\/www.facebook.com\/izzobyo\/\" \/>\n<meta property=\"article:published_time\" content=\"2019-05-22T06:24:24+00:00\" \/>\n<meta property=\"og:image\" content=\"http:\/\/izzobyo.com\/wp-content\/uploads\/2019\/05\/world_press_photo_barcelona-2.png\" \/>\n\t<meta property=\"og:image:width\" content=\"459\" \/>\n\t<meta property=\"og:image:height\" content=\"110\" \/>\n<meta name=\"twitter:card\" content=\"summary_large_image\" \/>\n<script type=\"application\/ld+json\" class=\"yoast-schema-graph\">{\"@context\":\"https:\/\/schema.org\",\"@graph\":[{\"@type\":\"Organization\",\"@id\":\"https:\/\/izzobyo.com\/#organization\",\"name\":\"Izzobyo - Productora audiovisual medio ambiente. Cursos de fotograf\\u00eda de naturaleza\",\"url\":\"https:\/\/izzobyo.com\/\",\"sameAs\":[\"https:\/\/www.facebook.com\/izzobyo\/\",\"https:\/\/www.instagram.com\/izzobyo\/\"],\"logo\":{\"@type\":\"ImageObject\",\"@id\":\"https:\/\/izzobyo.com\/#logo\",\"inLanguage\":\"es\",\"url\":\"https:\/\/izzobyo.com\/wp-content\/uploads\/2020\/04\/logo_cuad-2.png\",\"width\":1133,\"height\":1140,\"caption\":\"Izzobyo - Productora audiovisual medio ambiente. Cursos de fotograf\\u00eda de naturaleza\"},\"image\":{\"@id\":\"https:\/\/izzobyo.com\/#logo\"}},{\"@type\":\"WebSite\",\"@id\":\"https:\/\/izzobyo.com\/#website\",\"url\":\"https:\/\/izzobyo.com\/\",\"name\":\"productora audiovisual medio ambiente y naturaleza\",\"description\":\"producci\\u00f3n de videos corporativos empresas ambientalmente responsables\",\"publisher\":{\"@id\":\"https:\/\/izzobyo.com\/#organization\"},\"potentialAction\":[{\"@type\":\"SearchAction\",\"target\":\"https:\/\/izzobyo.com\/?s={search_term_string}\",\"query-input\":\"required name=search_term_string\"}],\"inLanguage\":\"es\"},{\"@type\":\"ImageObject\",\"@id\":\"http:\/\/izzobyo.com\/index.php\/2019\/05\/22\/no-te-pierdas-el-world-press-photo\/#primaryimage\",\"inLanguage\":\"es\",\"url\":\"https:\/\/izzobyo.com\/wp-content\/uploads\/2019\/05\/world_press_photo_barcelona-2.png\",\"width\":459,\"height\":110},{\"@type\":\"WebPage\",\"@id\":\"http:\/\/izzobyo.com\/index.php\/2019\/05\/22\/no-te-pierdas-el-world-press-photo\/#webpage\",\"url\":\"http:\/\/izzobyo.com\/index.php\/2019\/05\/22\/no-te-pierdas-el-world-press-photo\/\",\"name\":\"No te pierdas el World Press Photo! ~ productora audiovisual medio ambiente y naturaleza\",\"isPartOf\":{\"@id\":\"https:\/\/izzobyo.com\/#website\"},\"primaryImageOfPage\":{\"@id\":\"http:\/\/izzobyo.com\/index.php\/2019\/05\/22\/no-te-pierdas-el-world-press-photo\/#primaryimage\"},\"datePublished\":\"2019-05-22T06:24:24+00:00\",\"dateModified\":\"2019-05-22T06:24:24+00:00\",\"description\":\"Productora audiovisual naturaleza y medioambiente. Videos turismo sostenible, actividades outdoor. Cursos y talleres de fotograf\\u00eda de naturaleza.\",\"inLanguage\":\"es\",\"potentialAction\":[{\"@type\":\"ReadAction\",\"target\":[\"http:\/\/izzobyo.com\/index.php\/2019\/05\/22\/no-te-pierdas-el-world-press-photo\/\"]}]},{\"@type\":\"Article\",\"@id\":\"http:\/\/izzobyo.com\/index.php\/2019\/05\/22\/no-te-pierdas-el-world-press-photo\/#article\",\"isPartOf\":{\"@id\":\"http:\/\/izzobyo.com\/index.php\/2019\/05\/22\/no-te-pierdas-el-world-press-photo\/#webpage\"},\"author\":{\"@id\":\"https:\/\/izzobyo.com\/#\/schema\/person\/b17883d817dde83f19dc6a6eb9fdc60b\"},\"headline\":\"No te pierdas el World Press Photo!\",\"datePublished\":\"2019-05-22T06:24:24+00:00\",\"dateModified\":\"2019-05-22T06:24:24+00:00\",\"commentCount\":0,\"mainEntityOfPage\":{\"@id\":\"http:\/\/izzobyo.com\/index.php\/2019\/05\/22\/no-te-pierdas-el-world-press-photo\/#webpage\"},\"publisher\":{\"@id\":\"https:\/\/izzobyo.com\/#organization\"},\"image\":{\"@id\":\"http:\/\/izzobyo.com\/index.php\/2019\/05\/22\/no-te-pierdas-el-world-press-photo\/#primaryimage\"},\"inLanguage\":\"es\",\"potentialAction\":[{\"@type\":\"CommentAction\",\"name\":\"Comment\",\"target\":[\"http:\/\/izzobyo.com\/index.php\/2019\/05\/22\/no-te-pierdas-el-world-press-photo\/#respond\"]}]},{\"@type\":[\"Person\"],\"@id\":\"https:\/\/izzobyo.com\/#\/schema\/person\/b17883d817dde83f19dc6a6eb9fdc60b\",\"name\":\"izzobyo\",\"image\":{\"@type\":\"ImageObject\",\"@id\":\"https:\/\/izzobyo.com\/#personlogo\",\"inLanguage\":\"es\",\"url\":\"https:\/\/secure.gravatar.com\/avatar\/d2413bb7891e82198d763435d74f4396?s=96&d=mm&r=g\",\"caption\":\"izzobyo\"}}]}<\/script>\n<!-- \/ Yoast SEO plugin. -->","_links":{"self":[{"href":"https:\/\/izzobyo.com\/index.php\/wp-json\/wp\/v2\/posts\/4523"}],"collection":[{"href":"https:\/\/izzobyo.com\/index.php\/wp-json\/wp\/v2\/posts"}],"about":[{"href":"https:\/\/izzobyo.com\/index.php\/wp-json\/wp\/v2\/types\/post"}],"author":[{"embeddable":true,"href":"https:\/\/izzobyo.com\/index.php\/wp-json\/wp\/v2\/users\/1"}],"replies":[{"embeddable":true,"href":"https:\/\/izzobyo.com\/index.php\/wp-json\/wp\/v2\/comments?post=4523"}],"version-history":[{"count":0,"href":"https:\/\/izzobyo.com\/index.php\/wp-json\/wp\/v2\/posts\/4523\/revisions"}],"wp:featuredmedia":[{"embeddable":true,"href":"https:\/\/izzobyo.com\/index.php\/wp-json\/wp\/v2\/media\/4530"}],"wp:attachment":[{"href":"https:\/\/izzobyo.com\/index.php\/wp-json\/wp\/v2\/media?parent=4523"}],"wp:term":[{"taxonomy":"category","embeddable":true,"href":"https:\/\/izzobyo.com\/index.php\/wp-json\/wp\/v2\/categories?post=4523"},{"taxonomy":"post_tag","embeddable":true,"href":"https:\/\/izzobyo.com\/index.php\/wp-json\/wp\/v2\/tags?post=4523"}],"curies":[{"name":"wp","href":"https:\/\/api.w.org\/{rel}","templated":true}]}}