{"id":4449,"date":"2019-05-14T07:55:59","date_gmt":"2019-05-14T05:55:59","guid":{"rendered":"http:\/\/izzobyo.com\/?p=4449"},"modified":"2019-05-14T07:55:59","modified_gmt":"2019-05-14T05:55:59","slug":"exposicion-som-natura","status":"publish","type":"post","link":"https:\/\/izzobyo.com\/index.php\/2019\/05\/14\/exposicion-som-natura\/","title":{"rendered":"Exposici\u00f3n &#8220;Som Natura&#8221;."},"content":{"rendered":"\n<h3><a href=\"https:\/\/museuciencies.cat\/es\/exposicio_temporal\/som-natura\/\" target=\"_blank\" rel=\"noreferrer noopener\" aria-label=\"Somos Naturaleza (abre en una nueva pesta\u00f1a)\">Somos Naturaleza<\/a><\/h3>\n\n\n\n<p>El <strong><a href=\"https:\/\/museuciencies.cat\/es\/\" target=\"_blank\" rel=\"noreferrer noopener\" aria-label=\"Museu de Ci\u00e8ncies Naturals de Barcelona (abre en una nueva pesta\u00f1a)\">Museu de Ci\u00e8ncies Naturals de Barcelona<\/a><\/strong> nos propone <strong><a rel=\"noreferrer noopener\" aria-label=\"\u201cSom Natura\u201d (abre en una nueva pesta\u00f1a)\" href=\"https:\/\/museuciencies.cat\/es\/exposicio_temporal\/som-natura\/\" target=\"_blank\">\u201cSom Natura\u201d<\/a><\/strong>, exposici\u00f3n de car\u00e1cter temporal que podremos visitar desde el <strong>16 de enero<\/strong> hasta el <strong>10 de noviembre<\/strong> de <strong>2019<\/strong>. Como ya sab\u00e9is desde Izzobyo somos ac\u00e9rrimos defensores del medioambiente y as\u00ed intentamos transmitirlo en todas nuestra actividades. Aprovechamos de nuevo esta ocasi\u00f3n para recomendar la visita con toda la familia a esta exposici\u00f3n, que tiene como objetivo remover conciencias <br><\/p>\n\n\n\n<p>Somos s\u00f3lo una de entre los millones de especies que pueblan el planeta, pero es la que ha alcanzado el mayor desarrollo cultural y tecnol\u00f3gico. Sin embargo, con nuestras acciones estamos causando una grave p\u00e9rdida de biodiversidad, que los cient\u00edficos ya han calificado como la \u2018sexta gran extinci\u00f3n\u2019, una m\u00e1s de las que ya ha vivido el planeta, pero la primera que afecta directamente a los humanos. Y a una velocidad vertiginosa, en comparaci\u00f3n con las cinco anteriores.<\/p>\n\n\n\n<p>Es imposible predecir todas las consecuencias de la p\u00e9rdida de biodiversidad, pero sabemos que tendr\u00e1 efectos radicales en la calidad de vida de las personas.<\/p>\n\n\n\n<p>La biodiversidad produce el aire que respiramos, es esencial para disponer de agua de calidad para beber, nos aporta el alimento y muchos de los f\u00e1rmacos y productos de nuestra vida cotidiana. En la naturaleza encontramos lugares maravillosos donde descansar y disfrutar del tiempo libre, espacios que nos despiertan la inspiraci\u00f3n, donde podemos hacer deporte o simplemente caminar en silencio. La biodiversidad es un tesoro que debemos conservar para garantizar nuestro bienestar y salud. Y para que, en el futuro, el planeta siga siendo habitable para toda la humanidad.<\/p>\n\n\n\n<p>En esta nueva era en la que vivimos, conocida como el \u201cAntropoceno\u201d, las actividades de las personas son la principal causa del cambio del planeta. Nuestras acciones est\u00e1n modificando procesos vitales, llegando a provocar la actual cambio clim\u00e1tico, un calentamiento global de extraordinarias, y en buena medida imprevisibles, consecuencias. Confiamos en que, con nuestra inteligencia y trabajo cooperativo, seamos capaces de detener la p\u00e9rdida de patrimonio natural y conservar la biodiversidad. Muchas personas y organizaciones ya lo est\u00e1n haciendo. El cambio ya est\u00e1 en marcha.<\/p>\n\n\n\n<p>Descubre qu\u00e9 es y c\u00f3mo funciona la biodiversidad y s\u00famate al movimiento de personas que trabajan para cambiar el mundo y lograr un planeta saludable donde pueda vivir toda la humanidad.<\/p>\n\n\n\n<figure class=\"wp-block-image\"><img src=\"https:\/\/lh5.googleusercontent.com\/w03fNQNxdXR65jySfmcPGF4CateFwcy5aHV4vLqdug07-_olO4eJCF4p0u5jg9eQX1L9Jsx4vywHZFtxVyUnzmphm5L75VcfA-R8a2C2lfD-3HvPeeR653aZUv_O8KZZCOsi-rTuOIyfvOy9\" alt=\"imagen de la exposicion de fotograf\u00eda de naturaleza Som Natura, en el museo de cieneciass naturales\"\/><\/figure>\n\n\n\n<h3>Exposici\u00f3n<\/h3>\n\n\n\n<p>La exposici\u00f3n invita a hacer un recorrido dividido en 7 \u00e1mbitos con el objetivo de que las personas salgan de la exposici\u00f3n conmovidas por la belleza y la sensaci\u00f3n de bienestar que nos aporta la naturaleza. Que entiendan lo que integra el concepto <strong>Biodiversidad, sinti\u00e9ndose parte de ella,<\/strong> y que salgan convencidas de que hay que adoptar una actitud de <strong>compromiso y actuar<\/strong> para detener la p\u00e9rdida de biodiversidad, as\u00ed como invertir esfuerzos en restaurar los sistemas ecol\u00f2gicos que se han da\u00f1ado. La exposici\u00f3n pretende transmitir que estas acciones son indispensables para garantizar la cobertura de las necesidades b\u00e1sicas, la salud y el bienestar de las personas. <strong>La biodiversidad es una riqueza de primer orden para el pa\u00eds. Es posible actuar personalmente, y sobre todo de manera colectiva.<\/strong><\/p>\n\n\n\n<p>En resumen, los contenidos principales de los 7 \u00e1mbitos de la exposici\u00f3n son:<\/p>\n\n\n\n<ul><li><strong>Eres naturaleza<\/strong>: la Tierra se form\u00f3 hace 4.600 millones de a\u00f1os y nosotros aparecimos hace 300.000 a\u00f1os. Hace poco tiempo que habitamos el planeta, somos una especie m\u00e1s y nuestra actividad est\u00e1 provocando grandes y graves cambios.<\/li><li><strong>La red de la vida<\/strong>: profundiza en la interconexi\u00f3n de todas las formas de vida.<\/li><li><strong>La biodiversidad en Catalu\u00f1a<\/strong>: repasa la diversidad biol\u00f3gica del territorio que hay que proteger y cuidar. Adem\u00e1s, destaca el papel y la funci\u00f3n de los Museos en la conservaci\u00f3n de este patrimonio.<\/li><li><strong>Los l\u00edmites de un planeta \u00fanico<\/strong>: se adentra en los l\u00edmites planetarios que no podemos superar, como el cambio clim\u00e1tico, la extinci\u00f3n de especies, la disminuci\u00f3n de la capa de ozono o la escasez de agua dulce.<\/li><li><strong>Sentir la naturaleza<\/strong>: ofrece un descanso en el recorrido para disfrutar de paisajes impresionantes que aportan recursos materiales, as\u00ed como salud y bienestar.<\/li><li><strong>Actuemos<\/strong>: insta a los visitantes a participar en la restauraci\u00f3n de ecosistemas. Explica varios proyectos que reducen el impacto negativo sobre el planeta en diversos \u00e1mbitos como la agricultura, la ganader\u00eda, los bosques, los r\u00edos, la pesca, los residuos o la construcci\u00f3n. Tambi\u00e9n hace eco de los proyectos que las instituciones p\u00fablicas ya est\u00e1n llevando a cabo como el <a href=\"http:\/\/ajuntament.barcelona.cat\/ecologiaurbana\/ca\/que-fem-i-per-que\/ciutat-verda-i-biodiversitat\/pla-verd-i-la-biodiversitat\">Pla del Verd i de la Biodiversitat de Barcelona 2020<\/a> del Ayuntamiento de Barcelona, \u200b\u200by la <a href=\"http:\/\/mediambient.gencat.cat\/es\/05_ambits_dactuacio\/patrimoni_natural\/estrategia-catalana-del-patrimoni-natural-i-la-biodiversitat\/index.html\">Estrategia del Patrimonio Natural y la Biodiversidad de Catalu\u00f1a<\/a> de la Generalitat de Catalu\u00f1a .<\/li><\/ul>\n\n\n\n<p><strong>\u00bfQuieres participar en proyectos de estudio de la diversidad natural ?<\/strong>: invita a participar en m\u00e1s de 90 proyectos de ciencia ciudadana de Catalu\u00f1a. Consulta estos proyectos en: <a href=\"https:\/\/femnatura.somnatura.org\/index.php\" class=\"broken_link\">\u201cFem natura\u201d:<\/a><\/p>\n\n\n\n<p><br><\/p>\n","protected":false},"excerpt":{"rendered":"<p>Somos Naturaleza El Museu de Ci\u00e8ncies Naturals de Barcelona nos propone \u201cSom Natura\u201d, exposici\u00f3n de car\u00e1cter temporal que podremos visitar desde el 16 de enero hasta el 10 de noviembre de 2019. Como ya sab\u00e9is desde Izzobyo somos ac\u00e9rrimos defensores del medioambiente y as\u00ed intentamos transmitirlo en todas nuestra actividades. Aprovechamos de nuevo esta ocasi\u00f3n&hellip;<\/p>\n","protected":false},"author":1,"featured_media":4450,"comment_status":"open","ping_status":"open","sticky":false,"template":"","format":"standard","meta":{"_monsterinsights_skip_tracking":false},"categories":[1],"tags":[85,99],"yoast_head":"<!-- This site is optimized with the Yoast SEO plugin v14.0.4 - https:\/\/yoast.com\/wordpress\/plugins\/seo\/ -->\n<title>Exposici\u00f3n &quot;Som Natura&quot;. ~ productora audiovisual medio ambiente y naturaleza<\/title>\n<meta name=\"description\" content=\"Productora audiovisual naturaleza y medioambiente. Videos turismo sostenible, actividades outdoor. Cursos y talleres de fotograf\u00eda de naturaleza.\" \/>\n<meta name=\"robots\" content=\"index, follow\" \/>\n<meta name=\"googlebot\" content=\"index, follow, max-snippet:-1, max-image-preview:large, max-video-preview:-1\" \/>\n<meta name=\"bingbot\" content=\"index, follow, max-snippet:-1, max-image-preview:large, max-video-preview:-1\" \/>\n<link rel=\"canonical\" href=\"http:\/\/izzobyo.com\/index.php\/2019\/05\/14\/exposicion-som-natura\/\" \/>\n<meta property=\"og:locale\" content=\"es_ES\" \/>\n<meta property=\"og:type\" content=\"article\" \/>\n<meta property=\"og:title\" content=\"Exposici\u00f3n &quot;Som Natura&quot;. ~ productora audiovisual medio ambiente y naturaleza\" \/>\n<meta property=\"og:description\" content=\"Productora audiovisual naturaleza y medioambiente. Videos turismo sostenible, actividades outdoor. Cursos y talleres de fotograf\u00eda de naturaleza.\" \/>\n<meta property=\"og:url\" content=\"http:\/\/izzobyo.com\/index.php\/2019\/05\/14\/exposicion-som-natura\/\" \/>\n<meta property=\"og:site_name\" content=\"productora audiovisual medio ambiente y naturaleza\" \/>\n<meta property=\"article:publisher\" content=\"https:\/\/www.facebook.com\/izzobyo\/\" \/>\n<meta property=\"article:published_time\" content=\"2019-05-14T05:55:59+00:00\" \/>\n<meta property=\"og:image\" content=\"http:\/\/izzobyo.com\/wp-content\/uploads\/2019\/05\/exposicio_fotografia_natura_som_natura-2.png\" \/>\n\t<meta property=\"og:image:width\" content=\"1048\" \/>\n\t<meta property=\"og:image:height\" content=\"369\" \/>\n<meta name=\"twitter:card\" content=\"summary_large_image\" \/>\n<script type=\"application\/ld+json\" class=\"yoast-schema-graph\">{\"@context\":\"https:\/\/schema.org\",\"@graph\":[{\"@type\":\"Organization\",\"@id\":\"https:\/\/izzobyo.com\/#organization\",\"name\":\"Izzobyo - Productora audiovisual medio ambiente. Cursos de fotograf\\u00eda de naturaleza\",\"url\":\"https:\/\/izzobyo.com\/\",\"sameAs\":[\"https:\/\/www.facebook.com\/izzobyo\/\",\"https:\/\/www.instagram.com\/izzobyo\/\"],\"logo\":{\"@type\":\"ImageObject\",\"@id\":\"https:\/\/izzobyo.com\/#logo\",\"inLanguage\":\"es\",\"url\":\"https:\/\/izzobyo.com\/wp-content\/uploads\/2020\/04\/logo_cuad-2.png\",\"width\":1133,\"height\":1140,\"caption\":\"Izzobyo - Productora audiovisual medio ambiente. Cursos de fotograf\\u00eda de naturaleza\"},\"image\":{\"@id\":\"https:\/\/izzobyo.com\/#logo\"}},{\"@type\":\"WebSite\",\"@id\":\"https:\/\/izzobyo.com\/#website\",\"url\":\"https:\/\/izzobyo.com\/\",\"name\":\"productora audiovisual medio ambiente y naturaleza\",\"description\":\"producci\\u00f3n de videos corporativos empresas ambientalmente responsables\",\"publisher\":{\"@id\":\"https:\/\/izzobyo.com\/#organization\"},\"potentialAction\":[{\"@type\":\"SearchAction\",\"target\":\"https:\/\/izzobyo.com\/?s={search_term_string}\",\"query-input\":\"required name=search_term_string\"}],\"inLanguage\":\"es\"},{\"@type\":\"ImageObject\",\"@id\":\"http:\/\/izzobyo.com\/index.php\/2019\/05\/14\/exposicion-som-natura\/#primaryimage\",\"inLanguage\":\"es\",\"url\":\"https:\/\/izzobyo.com\/wp-content\/uploads\/2019\/05\/exposicio_fotografia_natura_som_natura-2.png\",\"width\":1048,\"height\":369},{\"@type\":\"WebPage\",\"@id\":\"http:\/\/izzobyo.com\/index.php\/2019\/05\/14\/exposicion-som-natura\/#webpage\",\"url\":\"http:\/\/izzobyo.com\/index.php\/2019\/05\/14\/exposicion-som-natura\/\",\"name\":\"Exposici\\u00f3n \\\"Som Natura\\\". ~ productora audiovisual medio ambiente y naturaleza\",\"isPartOf\":{\"@id\":\"https:\/\/izzobyo.com\/#website\"},\"primaryImageOfPage\":{\"@id\":\"http:\/\/izzobyo.com\/index.php\/2019\/05\/14\/exposicion-som-natura\/#primaryimage\"},\"datePublished\":\"2019-05-14T05:55:59+00:00\",\"dateModified\":\"2019-05-14T05:55:59+00:00\",\"description\":\"Productora audiovisual naturaleza y medioambiente. Videos turismo sostenible, actividades outdoor. Cursos y talleres de fotograf\\u00eda de naturaleza.\",\"inLanguage\":\"es\",\"potentialAction\":[{\"@type\":\"ReadAction\",\"target\":[\"http:\/\/izzobyo.com\/index.php\/2019\/05\/14\/exposicion-som-natura\/\"]}]},{\"@type\":\"Article\",\"@id\":\"http:\/\/izzobyo.com\/index.php\/2019\/05\/14\/exposicion-som-natura\/#article\",\"isPartOf\":{\"@id\":\"http:\/\/izzobyo.com\/index.php\/2019\/05\/14\/exposicion-som-natura\/#webpage\"},\"author\":{\"@id\":\"https:\/\/izzobyo.com\/#\/schema\/person\/b17883d817dde83f19dc6a6eb9fdc60b\"},\"headline\":\"Exposici\\u00f3n &#8220;Som Natura&#8221;.\",\"datePublished\":\"2019-05-14T05:55:59+00:00\",\"dateModified\":\"2019-05-14T05:55:59+00:00\",\"commentCount\":0,\"mainEntityOfPage\":{\"@id\":\"http:\/\/izzobyo.com\/index.php\/2019\/05\/14\/exposicion-som-natura\/#webpage\"},\"publisher\":{\"@id\":\"https:\/\/izzobyo.com\/#organization\"},\"image\":{\"@id\":\"http:\/\/izzobyo.com\/index.php\/2019\/05\/14\/exposicion-som-natura\/#primaryimage\"},\"keywords\":\"exposici\\u00f3n,fotografia de naturaleza\",\"inLanguage\":\"es\",\"potentialAction\":[{\"@type\":\"CommentAction\",\"name\":\"Comment\",\"target\":[\"http:\/\/izzobyo.com\/index.php\/2019\/05\/14\/exposicion-som-natura\/#respond\"]}]},{\"@type\":[\"Person\"],\"@id\":\"https:\/\/izzobyo.com\/#\/schema\/person\/b17883d817dde83f19dc6a6eb9fdc60b\",\"name\":\"izzobyo\",\"image\":{\"@type\":\"ImageObject\",\"@id\":\"https:\/\/izzobyo.com\/#personlogo\",\"inLanguage\":\"es\",\"url\":\"https:\/\/secure.gravatar.com\/avatar\/d2413bb7891e82198d763435d74f4396?s=96&d=mm&r=g\",\"caption\":\"izzobyo\"}}]}<\/script>\n<!-- \/ Yoast SEO plugin. -->","_links":{"self":[{"href":"https:\/\/izzobyo.com\/index.php\/wp-json\/wp\/v2\/posts\/4449"}],"collection":[{"href":"https:\/\/izzobyo.com\/index.php\/wp-json\/wp\/v2\/posts"}],"about":[{"href":"https:\/\/izzobyo.com\/index.php\/wp-json\/wp\/v2\/types\/post"}],"author":[{"embeddable":true,"href":"https:\/\/izzobyo.com\/index.php\/wp-json\/wp\/v2\/users\/1"}],"replies":[{"embeddable":true,"href":"https:\/\/izzobyo.com\/index.php\/wp-json\/wp\/v2\/comments?post=4449"}],"version-history":[{"count":0,"href":"https:\/\/izzobyo.com\/index.php\/wp-json\/wp\/v2\/posts\/4449\/revisions"}],"wp:featuredmedia":[{"embeddable":true,"href":"https:\/\/izzobyo.com\/index.php\/wp-json\/wp\/v2\/media\/4450"}],"wp:attachment":[{"href":"https:\/\/izzobyo.com\/index.php\/wp-json\/wp\/v2\/media?parent=4449"}],"wp:term":[{"taxonomy":"category","embeddable":true,"href":"https:\/\/izzobyo.com\/index.php\/wp-json\/wp\/v2\/categories?post=4449"},{"taxonomy":"post_tag","embeddable":true,"href":"https:\/\/izzobyo.com\/index.php\/wp-json\/wp\/v2\/tags?post=4449"}],"curies":[{"name":"wp","href":"https:\/\/api.w.org\/{rel}","templated":true}]}}