{"id":4444,"date":"2019-05-09T23:07:56","date_gmt":"2019-05-09T21:07:56","guid":{"rendered":"http:\/\/izzobyo.com\/?p=4444"},"modified":"2019-05-09T23:07:56","modified_gmt":"2019-05-09T21:07:56","slug":"video-de-actividad-de-montana-alpinismo","status":"publish","type":"post","link":"https:\/\/izzobyo.com\/index.php\/2019\/05\/09\/video-de-actividad-de-montana-alpinismo\/","title":{"rendered":"Video de actividad de monta\u00f1a &#8211; alpinismo."},"content":{"rendered":"\n<p>Hace un par de meses hicimos una entrada en la que os explicamos que hab\u00edamos estado rodando un audiovisual promocional en los Pirineos. Pues bien, hoy os lo presentamos en nuestro <a href=\"https:\/\/vimeo.com\/329436799\" target=\"_blank\" rel=\"noreferrer noopener\" aria-label=\"canal Vimeo (abre en una nueva pesta\u00f1a)\">canal Vimeo<\/a>. <\/p>\n\n\n\n<p>Se trata de un video promocional para la empresa <a href=\"http:\/\/verticalemotions.com\" target=\"_blank\" rel=\"noreferrer noopener\" aria-label=\"Vertical Emotions (abre en una nueva pesta\u00f1a)\">Vertical Emotions<\/a>, especializada en deportes de aventura. El video muestra una de sus actividades estrella: el curso de alpinismo. El rodaje tuvo lugar durante tres d\u00edas en la zona de Cambre d\u2019Aze, en el Pirineo franc\u00e9s. A lo largo de estos tres d\u00edas rodamos en diferentes circunstancias de luz, meteorol\u00f3gicas y an\u00edmicas lo cual hizo que tuvi\u00e9semos un gran n\u00famero de situaciones con las que trabajar en postproducci\u00f3n.<\/p>\n\n\n\n<p>Las\nactividades grabadas consistieron en el ascenso de la canal Gigolo y\nVermicelle, ambas descendidas por el canal central. Una fue con un d\u00eda radiante\nde sol, la otra entre niebla y nieve.<\/p>\n\n\n\n<p>Narrativamente\nel audiovisual representa las emociones y sensaciones que esta fant\u00e1stica\nempresa de deportes de aventura transmite en sus actividades: libertad, compa\u00f1erismo,\nseguridad, confianza y &nbsp;felicidad. Os\naseguramos que en el desarrollo del rodaje de este corto video promocional el\nequipo de Izzobyo sinti\u00f3 cada una de ellas de forma muy intensa.<\/p>\n\n\n\n<p>Os invitamos a que ech\u00e9is un vistazo al resultado con el volumen relativamente alto y a apuntaros a alguna de las actividades que realiza <a href=\"http:\/\/verticalemotions.com\" target=\"_blank\" rel=\"noreferrer noopener\" aria-label=\"Vertical Emotions. (abre en una nueva pesta\u00f1a)\">Vertical Emotions.<\/a> <\/p>\n\n\n\n<figure class=\"wp-block-embed-vimeo wp-block-embed is-type-video is-provider-vimeo wp-embed-aspect-16-9 wp-has-aspect-ratio\"><div class=\"wp-block-embed__wrapper\">\n<iframe loading=\"lazy\" title=\"Vertical Emotions. Promo Curs Alpinisme\" src=\"https:\/\/player.vimeo.com\/video\/329436799?dnt=1&amp;app_id=122963\" width=\"1240\" height=\"698\" frameborder=\"0\" allow=\"autoplay; fullscreen; picture-in-picture\"><\/iframe>\n<\/div><\/figure>\n","protected":false},"excerpt":{"rendered":"<p>Hace un par de meses hicimos una entrada en la que os explicamos que hab\u00edamos estado rodando un audiovisual promocional en los Pirineos. Pues bien, hoy os lo presentamos en nuestro canal Vimeo. Se trata de un video promocional para la empresa Vertical Emotions, especializada en deportes de aventura. El video muestra una de sus&hellip;<\/p>\n","protected":false},"author":1,"featured_media":4446,"comment_status":"open","ping_status":"open","sticky":false,"template":"","format":"standard","meta":{"_monsterinsights_skip_tracking":false},"categories":[1],"tags":[69],"yoast_head":"<!-- This site is optimized with the Yoast SEO plugin v14.0.4 - https:\/\/yoast.com\/wordpress\/plugins\/seo\/ -->\n<title>Video de actividad de monta\u00f1a - alpinismo. ~ productora audiovisual medio ambiente y naturaleza<\/title>\n<meta name=\"description\" content=\"Productora audiovisual naturaleza y medioambiente. Videos turismo sostenible, actividades outdoor. Cursos y talleres de fotograf\u00eda de naturaleza.\" \/>\n<meta name=\"robots\" content=\"index, follow\" \/>\n<meta name=\"googlebot\" content=\"index, follow, max-snippet:-1, max-image-preview:large, max-video-preview:-1\" \/>\n<meta name=\"bingbot\" content=\"index, follow, max-snippet:-1, max-image-preview:large, max-video-preview:-1\" \/>\n<link rel=\"canonical\" href=\"http:\/\/izzobyo.com\/index.php\/2019\/05\/09\/video-de-actividad-de-montana-alpinismo\/\" \/>\n<meta property=\"og:locale\" content=\"es_ES\" \/>\n<meta property=\"og:type\" content=\"article\" \/>\n<meta property=\"og:title\" content=\"Video de actividad de monta\u00f1a - alpinismo. ~ productora audiovisual medio ambiente y naturaleza\" \/>\n<meta property=\"og:description\" content=\"Productora audiovisual naturaleza y medioambiente. Videos turismo sostenible, actividades outdoor. Cursos y talleres de fotograf\u00eda de naturaleza.\" \/>\n<meta property=\"og:url\" content=\"http:\/\/izzobyo.com\/index.php\/2019\/05\/09\/video-de-actividad-de-montana-alpinismo\/\" \/>\n<meta property=\"og:site_name\" content=\"productora audiovisual medio ambiente y naturaleza\" \/>\n<meta property=\"article:publisher\" content=\"https:\/\/www.facebook.com\/izzobyo\/\" \/>\n<meta property=\"article:published_time\" content=\"2019-05-09T21:07:56+00:00\" \/>\n<meta property=\"og:image\" content=\"http:\/\/izzobyo.com\/wp-content\/uploads\/2019\/05\/audiovisual_alpinismo-2.png\" \/>\n\t<meta property=\"og:image:width\" content=\"433\" \/>\n\t<meta property=\"og:image:height\" content=\"237\" \/>\n<meta name=\"twitter:card\" content=\"summary_large_image\" \/>\n<script type=\"application\/ld+json\" class=\"yoast-schema-graph\">{\"@context\":\"https:\/\/schema.org\",\"@graph\":[{\"@type\":\"Organization\",\"@id\":\"https:\/\/izzobyo.com\/#organization\",\"name\":\"Izzobyo - Productora audiovisual medio ambiente. Cursos de fotograf\\u00eda de naturaleza\",\"url\":\"https:\/\/izzobyo.com\/\",\"sameAs\":[\"https:\/\/www.facebook.com\/izzobyo\/\",\"https:\/\/www.instagram.com\/izzobyo\/\"],\"logo\":{\"@type\":\"ImageObject\",\"@id\":\"https:\/\/izzobyo.com\/#logo\",\"inLanguage\":\"es\",\"url\":\"https:\/\/izzobyo.com\/wp-content\/uploads\/2020\/04\/logo_cuad-2.png\",\"width\":1133,\"height\":1140,\"caption\":\"Izzobyo - Productora audiovisual medio ambiente. Cursos de fotograf\\u00eda de naturaleza\"},\"image\":{\"@id\":\"https:\/\/izzobyo.com\/#logo\"}},{\"@type\":\"WebSite\",\"@id\":\"https:\/\/izzobyo.com\/#website\",\"url\":\"https:\/\/izzobyo.com\/\",\"name\":\"productora audiovisual medio ambiente y naturaleza\",\"description\":\"producci\\u00f3n de videos corporativos empresas ambientalmente responsables\",\"publisher\":{\"@id\":\"https:\/\/izzobyo.com\/#organization\"},\"potentialAction\":[{\"@type\":\"SearchAction\",\"target\":\"https:\/\/izzobyo.com\/?s={search_term_string}\",\"query-input\":\"required name=search_term_string\"}],\"inLanguage\":\"es\"},{\"@type\":\"ImageObject\",\"@id\":\"http:\/\/izzobyo.com\/index.php\/2019\/05\/09\/video-de-actividad-de-montana-alpinismo\/#primaryimage\",\"inLanguage\":\"es\",\"url\":\"https:\/\/izzobyo.com\/wp-content\/uploads\/2019\/05\/audiovisual_alpinismo-2.png\",\"width\":433,\"height\":237,\"caption\":\"video curs alpinisme de vertical emotion\"},{\"@type\":\"WebPage\",\"@id\":\"http:\/\/izzobyo.com\/index.php\/2019\/05\/09\/video-de-actividad-de-montana-alpinismo\/#webpage\",\"url\":\"http:\/\/izzobyo.com\/index.php\/2019\/05\/09\/video-de-actividad-de-montana-alpinismo\/\",\"name\":\"Video de actividad de monta\\u00f1a - alpinismo. ~ productora audiovisual medio ambiente y naturaleza\",\"isPartOf\":{\"@id\":\"https:\/\/izzobyo.com\/#website\"},\"primaryImageOfPage\":{\"@id\":\"http:\/\/izzobyo.com\/index.php\/2019\/05\/09\/video-de-actividad-de-montana-alpinismo\/#primaryimage\"},\"datePublished\":\"2019-05-09T21:07:56+00:00\",\"dateModified\":\"2019-05-09T21:07:56+00:00\",\"description\":\"Productora audiovisual naturaleza y medioambiente. Videos turismo sostenible, actividades outdoor. Cursos y talleres de fotograf\\u00eda de naturaleza.\",\"inLanguage\":\"es\",\"potentialAction\":[{\"@type\":\"ReadAction\",\"target\":[\"http:\/\/izzobyo.com\/index.php\/2019\/05\/09\/video-de-actividad-de-montana-alpinismo\/\"]}]},{\"@type\":\"Article\",\"@id\":\"http:\/\/izzobyo.com\/index.php\/2019\/05\/09\/video-de-actividad-de-montana-alpinismo\/#article\",\"isPartOf\":{\"@id\":\"http:\/\/izzobyo.com\/index.php\/2019\/05\/09\/video-de-actividad-de-montana-alpinismo\/#webpage\"},\"author\":{\"@id\":\"https:\/\/izzobyo.com\/#\/schema\/person\/b17883d817dde83f19dc6a6eb9fdc60b\"},\"headline\":\"Video de actividad de monta\\u00f1a &#8211; alpinismo.\",\"datePublished\":\"2019-05-09T21:07:56+00:00\",\"dateModified\":\"2019-05-09T21:07:56+00:00\",\"commentCount\":0,\"mainEntityOfPage\":{\"@id\":\"http:\/\/izzobyo.com\/index.php\/2019\/05\/09\/video-de-actividad-de-montana-alpinismo\/#webpage\"},\"publisher\":{\"@id\":\"https:\/\/izzobyo.com\/#organization\"},\"image\":{\"@id\":\"http:\/\/izzobyo.com\/index.php\/2019\/05\/09\/video-de-actividad-de-montana-alpinismo\/#primaryimage\"},\"keywords\":\"Audiovisual\",\"inLanguage\":\"es\",\"potentialAction\":[{\"@type\":\"CommentAction\",\"name\":\"Comment\",\"target\":[\"http:\/\/izzobyo.com\/index.php\/2019\/05\/09\/video-de-actividad-de-montana-alpinismo\/#respond\"]}]},{\"@type\":[\"Person\"],\"@id\":\"https:\/\/izzobyo.com\/#\/schema\/person\/b17883d817dde83f19dc6a6eb9fdc60b\",\"name\":\"izzobyo\",\"image\":{\"@type\":\"ImageObject\",\"@id\":\"https:\/\/izzobyo.com\/#personlogo\",\"inLanguage\":\"es\",\"url\":\"https:\/\/secure.gravatar.com\/avatar\/d2413bb7891e82198d763435d74f4396?s=96&d=mm&r=g\",\"caption\":\"izzobyo\"}}]}<\/script>\n<!-- \/ Yoast SEO plugin. -->","_links":{"self":[{"href":"https:\/\/izzobyo.com\/index.php\/wp-json\/wp\/v2\/posts\/4444"}],"collection":[{"href":"https:\/\/izzobyo.com\/index.php\/wp-json\/wp\/v2\/posts"}],"about":[{"href":"https:\/\/izzobyo.com\/index.php\/wp-json\/wp\/v2\/types\/post"}],"author":[{"embeddable":true,"href":"https:\/\/izzobyo.com\/index.php\/wp-json\/wp\/v2\/users\/1"}],"replies":[{"embeddable":true,"href":"https:\/\/izzobyo.com\/index.php\/wp-json\/wp\/v2\/comments?post=4444"}],"version-history":[{"count":0,"href":"https:\/\/izzobyo.com\/index.php\/wp-json\/wp\/v2\/posts\/4444\/revisions"}],"wp:featuredmedia":[{"embeddable":true,"href":"https:\/\/izzobyo.com\/index.php\/wp-json\/wp\/v2\/media\/4446"}],"wp:attachment":[{"href":"https:\/\/izzobyo.com\/index.php\/wp-json\/wp\/v2\/media?parent=4444"}],"wp:term":[{"taxonomy":"category","embeddable":true,"href":"https:\/\/izzobyo.com\/index.php\/wp-json\/wp\/v2\/categories?post=4444"},{"taxonomy":"post_tag","embeddable":true,"href":"https:\/\/izzobyo.com\/index.php\/wp-json\/wp\/v2\/tags?post=4444"}],"curies":[{"name":"wp","href":"https:\/\/api.w.org\/{rel}","templated":true}]}}