{"id":4442,"date":"2019-05-03T23:33:50","date_gmt":"2019-05-03T21:33:50","guid":{"rendered":"http:\/\/izzobyo.com\/?p=4442"},"modified":"2019-05-03T23:33:50","modified_gmt":"2019-05-03T21:33:50","slug":"curso-de-fotografia-de-fauna","status":"publish","type":"post","link":"https:\/\/izzobyo.com\/index.php\/2019\/05\/03\/curso-de-fotografia-de-fauna\/","title":{"rendered":"Curso de fotograf\u00eda de fauna"},"content":{"rendered":"\n<p>Los pr\u00f3ximos 25 y 26 de mayo realizaremos el curso de fotograf\u00eda de fauna en la zona dels Aiguamolls de l&#8217;Empord\u00e0. Tras peticiones de ediciones anteriores, en esta ocasi\u00f3n hemos concentrado las clases pr\u00e1cticas y te\u00f3ricas en \u00fanico fin de semana.<\/p>\n\n\n\n<p>Para m\u00e1s informaci\u00f3n pod\u00e9is consultar la <a href=\"http:\/\/izzobyo.com\/?cpo_portfolio=la-espera-curso-de-fotografia-de-fauna-desde-hides-del-13-de-abril-al-26-de-mayo\" target=\"_blank\" rel=\"noreferrer noopener\" aria-label=\"p\u00e1gina del Curso de fotograf\u00eda de fauna. (abre en una nueva pesta\u00f1a)\">p\u00e1gina del Curso de fotograf\u00eda de fauna.<\/a><\/p>\n\n\n\n<p>Os dejamos un peque\u00f1o video con el esp\u00edritu de este curso de fotograf\u00eda de fauna salvaje.<br><\/p>\n\n\n\n<figure class=\"wp-block-embed-vimeo aligncenter wp-block-embed is-type-video is-provider-vimeo wp-embed-aspect-1-1 wp-has-aspect-ratio\"><div class=\"wp-block-embed__wrapper\">\n<iframe loading=\"lazy\" title=\"Taller de fotografia de fauna.\" src=\"https:\/\/player.vimeo.com\/video\/333432937?dnt=1&amp;app_id=122963\" width=\"1000\" height=\"1000\" frameborder=\"0\" allow=\"autoplay; fullscreen; picture-in-picture\"><\/iframe>\n<\/div><figcaption>Curso de fotograf\u00eda de fauna en Aiguamolls de l&#8217;Empord\u00e0<\/figcaption><\/figure>\n","protected":false},"excerpt":{"rendered":"<p>Los pr\u00f3ximos 25 y 26 de mayo realizaremos el curso de fotograf\u00eda de fauna en la zona dels Aiguamolls de l&#8217;Empord\u00e0. Tras peticiones de ediciones anteriores, en esta ocasi\u00f3n hemos concentrado las clases pr\u00e1cticas y te\u00f3ricas en \u00fanico fin de semana. Para m\u00e1s informaci\u00f3n pod\u00e9is consultar la p\u00e1gina del Curso de fotograf\u00eda de fauna. Os&hellip;<\/p>\n","protected":false},"author":1,"featured_media":4408,"comment_status":"open","ping_status":"open","sticky":false,"template":"","format":"standard","meta":{"_monsterinsights_skip_tracking":false},"categories":[1],"tags":[29,21,125,126],"yoast_head":"<!-- This site is optimized with the Yoast SEO plugin v14.0.4 - https:\/\/yoast.com\/wordpress\/plugins\/seo\/ -->\n<title>Curso de fotograf\u00eda de fauna ~ productora audiovisual medio ambiente y naturaleza<\/title>\n<meta name=\"description\" content=\"Productora audiovisual naturaleza y medioambiente. Videos turismo sostenible, actividades outdoor. Cursos y talleres de fotograf\u00eda de naturaleza.\" \/>\n<meta name=\"robots\" content=\"index, follow\" \/>\n<meta name=\"googlebot\" content=\"index, follow, max-snippet:-1, max-image-preview:large, max-video-preview:-1\" \/>\n<meta name=\"bingbot\" content=\"index, follow, max-snippet:-1, max-image-preview:large, max-video-preview:-1\" \/>\n<link rel=\"canonical\" href=\"http:\/\/izzobyo.com\/index.php\/2019\/05\/03\/curso-de-fotografia-de-fauna\/\" \/>\n<meta property=\"og:locale\" content=\"es_ES\" \/>\n<meta property=\"og:type\" content=\"article\" \/>\n<meta property=\"og:title\" content=\"Curso de fotograf\u00eda de fauna ~ productora audiovisual medio ambiente y naturaleza\" \/>\n<meta property=\"og:description\" content=\"Productora audiovisual naturaleza y medioambiente. Videos turismo sostenible, actividades outdoor. Cursos y talleres de fotograf\u00eda de naturaleza.\" \/>\n<meta property=\"og:url\" content=\"http:\/\/izzobyo.com\/index.php\/2019\/05\/03\/curso-de-fotografia-de-fauna\/\" \/>\n<meta property=\"og:site_name\" content=\"productora audiovisual medio ambiente y naturaleza\" \/>\n<meta property=\"article:publisher\" content=\"https:\/\/www.facebook.com\/izzobyo\/\" \/>\n<meta property=\"article:published_time\" content=\"2019-05-03T21:33:50+00:00\" \/>\n<meta property=\"og:image\" content=\"http:\/\/izzobyo.com\/wp-content\/uploads\/2018\/03\/taller_fotografia_fauna-2.jpg\" \/>\n\t<meta property=\"og:image:width\" content=\"1920\" \/>\n\t<meta property=\"og:image:height\" content=\"1080\" \/>\n<meta name=\"twitter:card\" content=\"summary_large_image\" \/>\n<script type=\"application\/ld+json\" class=\"yoast-schema-graph\">{\"@context\":\"https:\/\/schema.org\",\"@graph\":[{\"@type\":\"Organization\",\"@id\":\"https:\/\/izzobyo.com\/#organization\",\"name\":\"Izzobyo - Productora audiovisual medio ambiente. Cursos de fotograf\\u00eda de naturaleza\",\"url\":\"https:\/\/izzobyo.com\/\",\"sameAs\":[\"https:\/\/www.facebook.com\/izzobyo\/\",\"https:\/\/www.instagram.com\/izzobyo\/\"],\"logo\":{\"@type\":\"ImageObject\",\"@id\":\"https:\/\/izzobyo.com\/#logo\",\"inLanguage\":\"es\",\"url\":\"https:\/\/izzobyo.com\/wp-content\/uploads\/2020\/04\/logo_cuad-2.png\",\"width\":1133,\"height\":1140,\"caption\":\"Izzobyo - Productora audiovisual medio ambiente. Cursos de fotograf\\u00eda de naturaleza\"},\"image\":{\"@id\":\"https:\/\/izzobyo.com\/#logo\"}},{\"@type\":\"WebSite\",\"@id\":\"https:\/\/izzobyo.com\/#website\",\"url\":\"https:\/\/izzobyo.com\/\",\"name\":\"productora audiovisual medio ambiente y naturaleza\",\"description\":\"producci\\u00f3n de videos corporativos empresas ambientalmente responsables\",\"publisher\":{\"@id\":\"https:\/\/izzobyo.com\/#organization\"},\"potentialAction\":[{\"@type\":\"SearchAction\",\"target\":\"https:\/\/izzobyo.com\/?s={search_term_string}\",\"query-input\":\"required name=search_term_string\"}],\"inLanguage\":\"es\"},{\"@type\":\"ImageObject\",\"@id\":\"http:\/\/izzobyo.com\/index.php\/2019\/05\/03\/curso-de-fotografia-de-fauna\/#primaryimage\",\"inLanguage\":\"es\",\"url\":\"https:\/\/izzobyo.com\/wp-content\/uploads\/2018\/03\/taller_fotografia_fauna-2.jpg\",\"width\":1920,\"height\":1080},{\"@type\":\"WebPage\",\"@id\":\"http:\/\/izzobyo.com\/index.php\/2019\/05\/03\/curso-de-fotografia-de-fauna\/#webpage\",\"url\":\"http:\/\/izzobyo.com\/index.php\/2019\/05\/03\/curso-de-fotografia-de-fauna\/\",\"name\":\"Curso de fotograf\\u00eda de fauna ~ productora audiovisual medio ambiente y naturaleza\",\"isPartOf\":{\"@id\":\"https:\/\/izzobyo.com\/#website\"},\"primaryImageOfPage\":{\"@id\":\"http:\/\/izzobyo.com\/index.php\/2019\/05\/03\/curso-de-fotografia-de-fauna\/#primaryimage\"},\"datePublished\":\"2019-05-03T21:33:50+00:00\",\"dateModified\":\"2019-05-03T21:33:50+00:00\",\"description\":\"Productora audiovisual naturaleza y medioambiente. Videos turismo sostenible, actividades outdoor. Cursos y talleres de fotograf\\u00eda de naturaleza.\",\"inLanguage\":\"es\",\"potentialAction\":[{\"@type\":\"ReadAction\",\"target\":[\"http:\/\/izzobyo.com\/index.php\/2019\/05\/03\/curso-de-fotografia-de-fauna\/\"]}]},{\"@type\":\"Article\",\"@id\":\"http:\/\/izzobyo.com\/index.php\/2019\/05\/03\/curso-de-fotografia-de-fauna\/#article\",\"isPartOf\":{\"@id\":\"http:\/\/izzobyo.com\/index.php\/2019\/05\/03\/curso-de-fotografia-de-fauna\/#webpage\"},\"author\":{\"@id\":\"https:\/\/izzobyo.com\/#\/schema\/person\/b17883d817dde83f19dc6a6eb9fdc60b\"},\"headline\":\"Curso de fotograf\\u00eda de fauna\",\"datePublished\":\"2019-05-03T21:33:50+00:00\",\"dateModified\":\"2019-05-03T21:33:50+00:00\",\"commentCount\":0,\"mainEntityOfPage\":{\"@id\":\"http:\/\/izzobyo.com\/index.php\/2019\/05\/03\/curso-de-fotografia-de-fauna\/#webpage\"},\"publisher\":{\"@id\":\"https:\/\/izzobyo.com\/#organization\"},\"image\":{\"@id\":\"http:\/\/izzobyo.com\/index.php\/2019\/05\/03\/curso-de-fotografia-de-fauna\/#primaryimage\"},\"keywords\":\"curso,fauna,formaci\\u00f3n,parc natural\",\"inLanguage\":\"es\",\"potentialAction\":[{\"@type\":\"CommentAction\",\"name\":\"Comment\",\"target\":[\"http:\/\/izzobyo.com\/index.php\/2019\/05\/03\/curso-de-fotografia-de-fauna\/#respond\"]}]},{\"@type\":[\"Person\"],\"@id\":\"https:\/\/izzobyo.com\/#\/schema\/person\/b17883d817dde83f19dc6a6eb9fdc60b\",\"name\":\"izzobyo\",\"image\":{\"@type\":\"ImageObject\",\"@id\":\"https:\/\/izzobyo.com\/#personlogo\",\"inLanguage\":\"es\",\"url\":\"https:\/\/secure.gravatar.com\/avatar\/d2413bb7891e82198d763435d74f4396?s=96&d=mm&r=g\",\"caption\":\"izzobyo\"}}]}<\/script>\n<!-- \/ Yoast SEO plugin. -->","_links":{"self":[{"href":"https:\/\/izzobyo.com\/index.php\/wp-json\/wp\/v2\/posts\/4442"}],"collection":[{"href":"https:\/\/izzobyo.com\/index.php\/wp-json\/wp\/v2\/posts"}],"about":[{"href":"https:\/\/izzobyo.com\/index.php\/wp-json\/wp\/v2\/types\/post"}],"author":[{"embeddable":true,"href":"https:\/\/izzobyo.com\/index.php\/wp-json\/wp\/v2\/users\/1"}],"replies":[{"embeddable":true,"href":"https:\/\/izzobyo.com\/index.php\/wp-json\/wp\/v2\/comments?post=4442"}],"version-history":[{"count":0,"href":"https:\/\/izzobyo.com\/index.php\/wp-json\/wp\/v2\/posts\/4442\/revisions"}],"wp:featuredmedia":[{"embeddable":true,"href":"https:\/\/izzobyo.com\/index.php\/wp-json\/wp\/v2\/media\/4408"}],"wp:attachment":[{"href":"https:\/\/izzobyo.com\/index.php\/wp-json\/wp\/v2\/media?parent=4442"}],"wp:term":[{"taxonomy":"category","embeddable":true,"href":"https:\/\/izzobyo.com\/index.php\/wp-json\/wp\/v2\/categories?post=4442"},{"taxonomy":"post_tag","embeddable":true,"href":"https:\/\/izzobyo.com\/index.php\/wp-json\/wp\/v2\/tags?post=4442"}],"curies":[{"name":"wp","href":"https:\/\/api.w.org\/{rel}","templated":true}]}}