{"id":4434,"date":"2019-05-03T11:43:02","date_gmt":"2019-05-03T09:43:02","guid":{"rendered":"http:\/\/izzobyo.com\/?p=4434"},"modified":"2019-05-03T11:43:02","modified_gmt":"2019-05-03T09:43:02","slug":"una-nueva-camara-de-accion","status":"publish","type":"post","link":"https:\/\/izzobyo.com\/index.php\/2019\/05\/03\/una-nueva-camara-de-accion\/","title":{"rendered":"Una nueva c\u00e1mara de acci\u00f3n?"},"content":{"rendered":"\n<p><\/p>\n\n\n\n<figure class=\"wp-block-image\"><img src=\"http:\/\/izzobyo.com\/wp-content\/uploads\/2019\/05\/image.png\" alt=\"\" class=\"wp-image-4435\"\/><\/figure>\n\n\n\n<p>Parece que DJI est\u00e1 planeando hacer un gran\nmovimiento en la escena de las c\u00e1maras de accion. Despu\u00e9s de lanzar el DJI Osmo\nPocket, parece que tambi\u00e9n se est\u00e1n preparando para lanzar una c\u00e1mara de acci\u00f3n\nreal.<\/p>\n\n\n\n<p>El Osmo Pocket ha batido record de ventas. La\nestabilizaci\u00f3n mec\u00e1nica del Osmo Pocket frente a la estabilizaci\u00f3n electr\u00f3nica de\nla GoPro ofrece una gran ventaja para muchos usuarios, especialmente cuando se\ntrata de filmar en entornos oscuros.<\/p>\n\n\n\n<p>La robustez y la resist\u00e8ncia de la GoPro es\nmucho mayor. Por eso, para los usuarios que no necesitan someter su c\u00e1mara a\nmucha \u201cca\u00f1a\u201d la opci\u00f3n del Osmo Pocket es una muy buena opci\u00f3n, m\u00e1s aun cuando\nes unos 50 euros m\u00e1s barato que el GoPro Hero 7 Black.<\/p>\n\n\n\n<p>En cualquier caso, hay rumores de que DJI\npodr\u00eda estar prepar\u00e1ndose para adentrarse m\u00e1s en el territorio de GoPro con una\nc\u00e1mara de acci\u00f3n 100%.<\/p>\n\n\n\n<p>Parece ser que DJI\nsimplemente reutilizar\u00e1 los interiores del Osmo Pocket de DJI y los pondr\u00e1 en\nun nuevo formato de c\u00e1mara de acci\u00f3n con un gran angular. <\/p>\n\n\n\n<p>DroneGear.TV\ninforma que tendr\u00e1 pantallas LCD duales (frontal y posterior), que disparar\u00e1 4K\nhasta 60 fotos por segundo y 1080p hasta 120 fps. Adem\u00e1s, &nbsp;tendr\u00e1 un gran angular rectil\u00edneo para\nproducir una apariencia m\u00e1s agradable.<\/p>\n\n\n\n<p>Es interesante que\nahora DJI pueda estar invadiendo el mercado de GoPro despu\u00e9s de que GoPro\nfracas\u00f3 estrepitosamente en penetrar en DJI. Dado el estado actual de GoPro,\nimagino que los intentos de DJI para cruzar un nuevo mercado ser\u00e1n mucho m\u00e1s\nexitosos. Y tambi\u00e9n es una progresi\u00f3n natural. De todos modos, est\u00e1n haciendo\nc\u00e1maras para sus drones, as\u00ed que, \u00bfpor qu\u00e9 no colocarlas tambi\u00e9n en unidades de\nmano y c\u00e1maras de acci\u00f3n?<\/p>\n\n\n\n<p>Obviamente, no hay\nnoticias sobre cu\u00e1ndo DJI podr\u00eda anunciar o lanzar una c\u00e1mara de acci\u00f3n, porque\nni siquiera han confirmado si est\u00e1n trabajando o no en una. Por lo tanto,\ntampoco se ha mencionado el precio, aunque hemos visto especulaciones a precios\nque van desde los &nbsp;350$ a m\u00e1s de 800$.<\/p>\n","protected":false},"excerpt":{"rendered":"<p>Parece que DJI est\u00e1 planeando hacer un gran movimiento en la escena de las c\u00e1maras de accion. Despu\u00e9s de lanzar el DJI Osmo Pocket, parece que tambi\u00e9n se est\u00e1n preparando para lanzar una c\u00e1mara de acci\u00f3n real. El Osmo Pocket ha batido record de ventas. La estabilizaci\u00f3n mec\u00e1nica del Osmo Pocket frente a la estabilizaci\u00f3n&hellip;<\/p>\n","protected":false},"author":1,"featured_media":0,"comment_status":"open","ping_status":"open","sticky":false,"template":"","format":"standard","meta":{"_monsterinsights_skip_tracking":false},"categories":[1],"tags":[112,122,87,123,124],"yoast_head":"<!-- This site is optimized with the Yoast SEO plugin v14.0.4 - https:\/\/yoast.com\/wordpress\/plugins\/seo\/ -->\n<title>Una nueva c\u00e1mara de acci\u00f3n? ~ productora audiovisual medio ambiente y naturaleza<\/title>\n<meta name=\"description\" content=\"Productora audiovisual naturaleza y medioambiente. Videos turismo sostenible, actividades outdoor. Cursos y talleres de fotograf\u00eda de naturaleza.\" \/>\n<meta name=\"robots\" content=\"index, follow\" \/>\n<meta name=\"googlebot\" content=\"index, follow, max-snippet:-1, max-image-preview:large, max-video-preview:-1\" \/>\n<meta name=\"bingbot\" content=\"index, follow, max-snippet:-1, max-image-preview:large, max-video-preview:-1\" \/>\n<link rel=\"canonical\" href=\"http:\/\/izzobyo.com\/index.php\/2019\/05\/03\/una-nueva-camara-de-accion\/\" \/>\n<meta property=\"og:locale\" content=\"es_ES\" \/>\n<meta property=\"og:type\" content=\"article\" \/>\n<meta property=\"og:title\" content=\"Una nueva c\u00e1mara de acci\u00f3n? ~ productora audiovisual medio ambiente y naturaleza\" \/>\n<meta property=\"og:description\" content=\"Productora audiovisual naturaleza y medioambiente. Videos turismo sostenible, actividades outdoor. Cursos y talleres de fotograf\u00eda de naturaleza.\" \/>\n<meta property=\"og:url\" content=\"http:\/\/izzobyo.com\/index.php\/2019\/05\/03\/una-nueva-camara-de-accion\/\" \/>\n<meta property=\"og:site_name\" content=\"productora audiovisual medio ambiente y naturaleza\" \/>\n<meta property=\"article:publisher\" content=\"https:\/\/www.facebook.com\/izzobyo\/\" \/>\n<meta property=\"article:published_time\" content=\"2019-05-03T09:43:02+00:00\" \/>\n<meta property=\"og:image\" content=\"http:\/\/izzobyo.com\/wp-content\/uploads\/2019\/05\/image.png\" \/>\n<meta name=\"twitter:card\" content=\"summary_large_image\" \/>\n<script type=\"application\/ld+json\" class=\"yoast-schema-graph\">{\"@context\":\"https:\/\/schema.org\",\"@graph\":[{\"@type\":\"Organization\",\"@id\":\"https:\/\/izzobyo.com\/#organization\",\"name\":\"Izzobyo - Productora audiovisual medio ambiente. Cursos de fotograf\\u00eda de naturaleza\",\"url\":\"https:\/\/izzobyo.com\/\",\"sameAs\":[\"https:\/\/www.facebook.com\/izzobyo\/\",\"https:\/\/www.instagram.com\/izzobyo\/\"],\"logo\":{\"@type\":\"ImageObject\",\"@id\":\"https:\/\/izzobyo.com\/#logo\",\"inLanguage\":\"es\",\"url\":\"https:\/\/izzobyo.com\/wp-content\/uploads\/2020\/04\/logo_cuad-2.png\",\"width\":1133,\"height\":1140,\"caption\":\"Izzobyo - Productora audiovisual medio ambiente. Cursos de fotograf\\u00eda de naturaleza\"},\"image\":{\"@id\":\"https:\/\/izzobyo.com\/#logo\"}},{\"@type\":\"WebSite\",\"@id\":\"https:\/\/izzobyo.com\/#website\",\"url\":\"https:\/\/izzobyo.com\/\",\"name\":\"productora audiovisual medio ambiente y naturaleza\",\"description\":\"producci\\u00f3n de videos corporativos empresas ambientalmente responsables\",\"publisher\":{\"@id\":\"https:\/\/izzobyo.com\/#organization\"},\"potentialAction\":[{\"@type\":\"SearchAction\",\"target\":\"https:\/\/izzobyo.com\/?s={search_term_string}\",\"query-input\":\"required name=search_term_string\"}],\"inLanguage\":\"es\"},{\"@type\":\"ImageObject\",\"@id\":\"http:\/\/izzobyo.com\/index.php\/2019\/05\/03\/una-nueva-camara-de-accion\/#primaryimage\",\"inLanguage\":\"es\",\"url\":\"http:\/\/izzobyo.com\/wp-content\/uploads\/2019\/05\/image.png\"},{\"@type\":\"WebPage\",\"@id\":\"http:\/\/izzobyo.com\/index.php\/2019\/05\/03\/una-nueva-camara-de-accion\/#webpage\",\"url\":\"http:\/\/izzobyo.com\/index.php\/2019\/05\/03\/una-nueva-camara-de-accion\/\",\"name\":\"Una nueva c\\u00e1mara de acci\\u00f3n? ~ productora audiovisual medio ambiente y naturaleza\",\"isPartOf\":{\"@id\":\"https:\/\/izzobyo.com\/#website\"},\"primaryImageOfPage\":{\"@id\":\"http:\/\/izzobyo.com\/index.php\/2019\/05\/03\/una-nueva-camara-de-accion\/#primaryimage\"},\"datePublished\":\"2019-05-03T09:43:02+00:00\",\"dateModified\":\"2019-05-03T09:43:02+00:00\",\"description\":\"Productora audiovisual naturaleza y medioambiente. Videos turismo sostenible, actividades outdoor. Cursos y talleres de fotograf\\u00eda de naturaleza.\",\"inLanguage\":\"es\",\"potentialAction\":[{\"@type\":\"ReadAction\",\"target\":[\"http:\/\/izzobyo.com\/index.php\/2019\/05\/03\/una-nueva-camara-de-accion\/\"]}]},{\"@type\":\"Article\",\"@id\":\"http:\/\/izzobyo.com\/index.php\/2019\/05\/03\/una-nueva-camara-de-accion\/#article\",\"isPartOf\":{\"@id\":\"http:\/\/izzobyo.com\/index.php\/2019\/05\/03\/una-nueva-camara-de-accion\/#webpage\"},\"author\":{\"@id\":\"https:\/\/izzobyo.com\/#\/schema\/person\/b17883d817dde83f19dc6a6eb9fdc60b\"},\"headline\":\"Una nueva c\\u00e1mara de acci\\u00f3n?\",\"datePublished\":\"2019-05-03T09:43:02+00:00\",\"dateModified\":\"2019-05-03T09:43:02+00:00\",\"commentCount\":0,\"mainEntityOfPage\":{\"@id\":\"http:\/\/izzobyo.com\/index.php\/2019\/05\/03\/una-nueva-camara-de-accion\/#webpage\"},\"publisher\":{\"@id\":\"https:\/\/izzobyo.com\/#organization\"},\"image\":{\"@id\":\"http:\/\/izzobyo.com\/index.php\/2019\/05\/03\/una-nueva-camara-de-accion\/#primaryimage\"},\"keywords\":\"c\\u00e1mara,dji,equipo,gopro,rumores\",\"inLanguage\":\"es\",\"potentialAction\":[{\"@type\":\"CommentAction\",\"name\":\"Comment\",\"target\":[\"http:\/\/izzobyo.com\/index.php\/2019\/05\/03\/una-nueva-camara-de-accion\/#respond\"]}]},{\"@type\":[\"Person\"],\"@id\":\"https:\/\/izzobyo.com\/#\/schema\/person\/b17883d817dde83f19dc6a6eb9fdc60b\",\"name\":\"izzobyo\",\"image\":{\"@type\":\"ImageObject\",\"@id\":\"https:\/\/izzobyo.com\/#personlogo\",\"inLanguage\":\"es\",\"url\":\"https:\/\/secure.gravatar.com\/avatar\/d2413bb7891e82198d763435d74f4396?s=96&d=mm&r=g\",\"caption\":\"izzobyo\"}}]}<\/script>\n<!-- \/ Yoast SEO plugin. -->","_links":{"self":[{"href":"https:\/\/izzobyo.com\/index.php\/wp-json\/wp\/v2\/posts\/4434"}],"collection":[{"href":"https:\/\/izzobyo.com\/index.php\/wp-json\/wp\/v2\/posts"}],"about":[{"href":"https:\/\/izzobyo.com\/index.php\/wp-json\/wp\/v2\/types\/post"}],"author":[{"embeddable":true,"href":"https:\/\/izzobyo.com\/index.php\/wp-json\/wp\/v2\/users\/1"}],"replies":[{"embeddable":true,"href":"https:\/\/izzobyo.com\/index.php\/wp-json\/wp\/v2\/comments?post=4434"}],"version-history":[{"count":0,"href":"https:\/\/izzobyo.com\/index.php\/wp-json\/wp\/v2\/posts\/4434\/revisions"}],"wp:attachment":[{"href":"https:\/\/izzobyo.com\/index.php\/wp-json\/wp\/v2\/media?parent=4434"}],"wp:term":[{"taxonomy":"category","embeddable":true,"href":"https:\/\/izzobyo.com\/index.php\/wp-json\/wp\/v2\/categories?post=4434"},{"taxonomy":"post_tag","embeddable":true,"href":"https:\/\/izzobyo.com\/index.php\/wp-json\/wp\/v2\/tags?post=4434"}],"curies":[{"name":"wp","href":"https:\/\/api.w.org\/{rel}","templated":true}]}}