{"id":4389,"date":"2019-01-28T20:16:20","date_gmt":"2019-01-28T19:16:20","guid":{"rendered":"http:\/\/izzobyo.com\/?p=4389"},"modified":"2020-05-08T15:33:21","modified_gmt":"2020-05-08T15:33:21","slug":"ultimos-dias-para-las-inscripciones-del-curso-de-fotografia-digital-ii","status":"publish","type":"post","link":"https:\/\/izzobyo.com\/index.php\/2019\/01\/28\/ultimos-dias-para-las-inscripciones-del-curso-de-fotografia-digital-ii\/","title":{"rendered":"\u00daltimos d\u00edas para las inscripciones del curso de Fotograf\u00eda Digital (II)"},"content":{"rendered":"<p>El pr\u00f3ximo viernes 1 de febrero finaliza el plazo para la inscripci\u00f3n del <strong>Curso de fotograf\u00eda digital II<\/strong>, que impartiremos en el Centre C\u00edvic Jaume Oller de Granollers, y quedan muy pocas plazas disponibles&#8230;<\/p>\n<p>Este curso est\u00e1 orientado a aquellas personas que tienen conocimientos b\u00e1sicos de fotograf\u00eda y quieren perfeccionar la t\u00e9cnica fotogr\u00e1fica. Algunos de los temas que se tratar\u00e1n en este curso ser\u00e1n la composici\u00f3n, la luz, tambi\u00e9n algunas especialidades fotogr\u00e1ficas (como fotograf\u00eda de paisaje, de retrato, de producto\u2026.), cuestiones relativas a la postproducci\u00f3n\u2026<br \/>\nPara la realizaci\u00f3n del curso es recomendable contar con un equipo fotogr\u00e1fico que permita el uso manual de la c\u00e1mara.<br \/>\nEl curso empezar\u00e1 del 13 de febrero y durar\u00e1 hasta el 10 de abril.<\/p>\n<p>Para m\u00e1s informaci\u00f3n e inscripciones, pod\u00e9is consultar la web del Ajuntament de Granollers.<\/p>\n","protected":false},"excerpt":{"rendered":"<p>El pr\u00f3ximo viernes 1 de febrero finaliza el plazo para la inscripci\u00f3n del Curso de fotograf\u00eda digital II, que impartiremos en el Centre C\u00edvic Jaume Oller de Granollers, y quedan muy pocas plazas disponibles&#8230; Este curso est\u00e1 orientado a aquellas personas que tienen conocimientos b\u00e1sicos de fotograf\u00eda y quieren perfeccionar la t\u00e9cnica fotogr\u00e1fica. Algunos de&hellip;<\/p>\n","protected":false},"author":1,"featured_media":4306,"comment_status":"open","ping_status":"open","sticky":false,"template":"","format":"standard","meta":{"_monsterinsights_skip_tracking":false},"categories":[1],"tags":[],"yoast_head":"<!-- This site is optimized with the Yoast SEO plugin v14.0.4 - https:\/\/yoast.com\/wordpress\/plugins\/seo\/ -->\n<title>\u00daltimos d\u00edas para las inscripciones del curso de Fotograf\u00eda Digital (II) ~ productora audiovisual medio ambiente y naturaleza<\/title>\n<meta name=\"description\" content=\"Productora audiovisual naturaleza y medioambiente. Videos turismo sostenible, actividades outdoor. Cursos y talleres de fotograf\u00eda de naturaleza.\" \/>\n<meta name=\"robots\" content=\"index, follow\" \/>\n<meta name=\"googlebot\" content=\"index, follow, max-snippet:-1, max-image-preview:large, max-video-preview:-1\" \/>\n<meta name=\"bingbot\" content=\"index, follow, max-snippet:-1, max-image-preview:large, max-video-preview:-1\" \/>\n<link rel=\"canonical\" href=\"http:\/\/izzobyo.com\/index.php\/2019\/01\/28\/ultimos-dias-para-las-inscripciones-del-curso-de-fotografia-digital-ii\/\" \/>\n<meta property=\"og:locale\" content=\"es_ES\" \/>\n<meta property=\"og:type\" content=\"article\" \/>\n<meta property=\"og:title\" content=\"\u00daltimos d\u00edas para las inscripciones del curso de Fotograf\u00eda Digital (II) ~ productora audiovisual medio ambiente y naturaleza\" \/>\n<meta property=\"og:description\" content=\"Productora audiovisual naturaleza y medioambiente. Videos turismo sostenible, actividades outdoor. Cursos y talleres de fotograf\u00eda de naturaleza.\" \/>\n<meta property=\"og:url\" content=\"http:\/\/izzobyo.com\/index.php\/2019\/01\/28\/ultimos-dias-para-las-inscripciones-del-curso-de-fotografia-digital-ii\/\" \/>\n<meta property=\"og:site_name\" content=\"productora audiovisual medio ambiente y naturaleza\" \/>\n<meta property=\"article:publisher\" content=\"https:\/\/www.facebook.com\/izzobyo\/\" \/>\n<meta property=\"article:published_time\" content=\"2019-01-28T19:16:20+00:00\" \/>\n<meta property=\"article:modified_time\" content=\"2020-05-08T15:33:21+00:00\" \/>\n<meta property=\"og:image\" content=\"http:\/\/izzobyo.com\/wp-content\/uploads\/2018\/10\/objetivo-meike-6-11-2.jpg\" \/>\n\t<meta property=\"og:image:width\" content=\"745\" \/>\n\t<meta property=\"og:image:height\" content=\"419\" \/>\n<meta name=\"twitter:card\" content=\"summary_large_image\" \/>\n<script type=\"application\/ld+json\" class=\"yoast-schema-graph\">{\"@context\":\"https:\/\/schema.org\",\"@graph\":[{\"@type\":\"Organization\",\"@id\":\"https:\/\/izzobyo.com\/#organization\",\"name\":\"Izzobyo - Productora audiovisual medio ambiente. Cursos de fotograf\\u00eda de naturaleza\",\"url\":\"https:\/\/izzobyo.com\/\",\"sameAs\":[\"https:\/\/www.facebook.com\/izzobyo\/\",\"https:\/\/www.instagram.com\/izzobyo\/\"],\"logo\":{\"@type\":\"ImageObject\",\"@id\":\"https:\/\/izzobyo.com\/#logo\",\"inLanguage\":\"es\",\"url\":\"https:\/\/izzobyo.com\/wp-content\/uploads\/2020\/04\/logo_cuad-2.png\",\"width\":1133,\"height\":1140,\"caption\":\"Izzobyo - Productora audiovisual medio ambiente. Cursos de fotograf\\u00eda de naturaleza\"},\"image\":{\"@id\":\"https:\/\/izzobyo.com\/#logo\"}},{\"@type\":\"WebSite\",\"@id\":\"https:\/\/izzobyo.com\/#website\",\"url\":\"https:\/\/izzobyo.com\/\",\"name\":\"productora audiovisual medio ambiente y naturaleza\",\"description\":\"producci\\u00f3n de videos corporativos empresas ambientalmente responsables\",\"publisher\":{\"@id\":\"https:\/\/izzobyo.com\/#organization\"},\"potentialAction\":[{\"@type\":\"SearchAction\",\"target\":\"https:\/\/izzobyo.com\/?s={search_term_string}\",\"query-input\":\"required name=search_term_string\"}],\"inLanguage\":\"es\"},{\"@type\":\"ImageObject\",\"@id\":\"http:\/\/izzobyo.com\/index.php\/2019\/01\/28\/ultimos-dias-para-las-inscripciones-del-curso-de-fotografia-digital-ii\/#primaryimage\",\"inLanguage\":\"es\",\"url\":\"https:\/\/izzobyo.com\/wp-content\/uploads\/2018\/10\/objetivo-meike-6-11-2.jpg\",\"width\":745,\"height\":419},{\"@type\":\"WebPage\",\"@id\":\"http:\/\/izzobyo.com\/index.php\/2019\/01\/28\/ultimos-dias-para-las-inscripciones-del-curso-de-fotografia-digital-ii\/#webpage\",\"url\":\"http:\/\/izzobyo.com\/index.php\/2019\/01\/28\/ultimos-dias-para-las-inscripciones-del-curso-de-fotografia-digital-ii\/\",\"name\":\"\\u00daltimos d\\u00edas para las inscripciones del curso de Fotograf\\u00eda Digital (II) ~ productora audiovisual medio ambiente y naturaleza\",\"isPartOf\":{\"@id\":\"https:\/\/izzobyo.com\/#website\"},\"primaryImageOfPage\":{\"@id\":\"http:\/\/izzobyo.com\/index.php\/2019\/01\/28\/ultimos-dias-para-las-inscripciones-del-curso-de-fotografia-digital-ii\/#primaryimage\"},\"datePublished\":\"2019-01-28T19:16:20+00:00\",\"dateModified\":\"2020-05-08T15:33:21+00:00\",\"description\":\"Productora audiovisual naturaleza y medioambiente. Videos turismo sostenible, actividades outdoor. Cursos y talleres de fotograf\\u00eda de naturaleza.\",\"inLanguage\":\"es\",\"potentialAction\":[{\"@type\":\"ReadAction\",\"target\":[\"http:\/\/izzobyo.com\/index.php\/2019\/01\/28\/ultimos-dias-para-las-inscripciones-del-curso-de-fotografia-digital-ii\/\"]}]},{\"@type\":\"Article\",\"@id\":\"http:\/\/izzobyo.com\/index.php\/2019\/01\/28\/ultimos-dias-para-las-inscripciones-del-curso-de-fotografia-digital-ii\/#article\",\"isPartOf\":{\"@id\":\"http:\/\/izzobyo.com\/index.php\/2019\/01\/28\/ultimos-dias-para-las-inscripciones-del-curso-de-fotografia-digital-ii\/#webpage\"},\"author\":{\"@id\":\"https:\/\/izzobyo.com\/#\/schema\/person\/b17883d817dde83f19dc6a6eb9fdc60b\"},\"headline\":\"\\u00daltimos d\\u00edas para las inscripciones del curso de Fotograf\\u00eda Digital (II)\",\"datePublished\":\"2019-01-28T19:16:20+00:00\",\"dateModified\":\"2020-05-08T15:33:21+00:00\",\"commentCount\":0,\"mainEntityOfPage\":{\"@id\":\"http:\/\/izzobyo.com\/index.php\/2019\/01\/28\/ultimos-dias-para-las-inscripciones-del-curso-de-fotografia-digital-ii\/#webpage\"},\"publisher\":{\"@id\":\"https:\/\/izzobyo.com\/#organization\"},\"image\":{\"@id\":\"http:\/\/izzobyo.com\/index.php\/2019\/01\/28\/ultimos-dias-para-las-inscripciones-del-curso-de-fotografia-digital-ii\/#primaryimage\"},\"inLanguage\":\"es\",\"potentialAction\":[{\"@type\":\"CommentAction\",\"name\":\"Comment\",\"target\":[\"http:\/\/izzobyo.com\/index.php\/2019\/01\/28\/ultimos-dias-para-las-inscripciones-del-curso-de-fotografia-digital-ii\/#respond\"]}]},{\"@type\":[\"Person\"],\"@id\":\"https:\/\/izzobyo.com\/#\/schema\/person\/b17883d817dde83f19dc6a6eb9fdc60b\",\"name\":\"izzobyo\",\"image\":{\"@type\":\"ImageObject\",\"@id\":\"https:\/\/izzobyo.com\/#personlogo\",\"inLanguage\":\"es\",\"url\":\"https:\/\/secure.gravatar.com\/avatar\/d2413bb7891e82198d763435d74f4396?s=96&d=mm&r=g\",\"caption\":\"izzobyo\"}}]}<\/script>\n<!-- \/ Yoast SEO plugin. -->","_links":{"self":[{"href":"https:\/\/izzobyo.com\/index.php\/wp-json\/wp\/v2\/posts\/4389"}],"collection":[{"href":"https:\/\/izzobyo.com\/index.php\/wp-json\/wp\/v2\/posts"}],"about":[{"href":"https:\/\/izzobyo.com\/index.php\/wp-json\/wp\/v2\/types\/post"}],"author":[{"embeddable":true,"href":"https:\/\/izzobyo.com\/index.php\/wp-json\/wp\/v2\/users\/1"}],"replies":[{"embeddable":true,"href":"https:\/\/izzobyo.com\/index.php\/wp-json\/wp\/v2\/comments?post=4389"}],"version-history":[{"count":1,"href":"https:\/\/izzobyo.com\/index.php\/wp-json\/wp\/v2\/posts\/4389\/revisions"}],"predecessor-version":[{"id":6188,"href":"https:\/\/izzobyo.com\/index.php\/wp-json\/wp\/v2\/posts\/4389\/revisions\/6188"}],"wp:featuredmedia":[{"embeddable":true,"href":"https:\/\/izzobyo.com\/index.php\/wp-json\/wp\/v2\/media\/4306"}],"wp:attachment":[{"href":"https:\/\/izzobyo.com\/index.php\/wp-json\/wp\/v2\/media?parent=4389"}],"wp:term":[{"taxonomy":"category","embeddable":true,"href":"https:\/\/izzobyo.com\/index.php\/wp-json\/wp\/v2\/categories?post=4389"},{"taxonomy":"post_tag","embeddable":true,"href":"https:\/\/izzobyo.com\/index.php\/wp-json\/wp\/v2\/tags?post=4389"}],"curies":[{"name":"wp","href":"https:\/\/api.w.org\/{rel}","templated":true}]}}