{"id":4359,"date":"2018-11-25T00:47:14","date_gmt":"2018-11-24T23:47:14","guid":{"rendered":"http:\/\/izzobyo.com\/?p=4359"},"modified":"2018-11-25T00:47:14","modified_gmt":"2018-11-24T23:47:14","slug":"que-modo-de-medicion-de-la-luz-escoger","status":"publish","type":"post","link":"https:\/\/izzobyo.com\/index.php\/2018\/11\/25\/que-modo-de-medicion-de-la-luz-escoger\/","title":{"rendered":"\u00bfQu\u00e9 modo de medici\u00f3n de la luz escoger?"},"content":{"rendered":"<p>En una<span style=\"color: #99cc00;\"><strong><a style=\"color: #99cc00;\" href=\"http:\/\/izzobyo.com\/?page_id=72\"> entrada anterior<\/a><\/strong><\/span> hemos definido los modos de exposici\u00f3n, y c\u00f3mo con los modos autom\u00e1ticos y semi-autom\u00e1ticos (Av y Tv), la c\u00e1mara elige los par\u00e1metros que cree conveniente en base a la medici\u00f3n de la luz realizada por el fot\u00f3metro interno.<\/p>\n<p>Los modos de medici\u00f3n de la luz m\u00e1s habituales son tres:<\/p>\n<ul>\n<li><span style=\"color: #99cc00;\"><strong>Medici\u00f3n puntual<\/strong><\/span><\/li>\n<li><span style=\"color: #99cc00;\"><strong>Medici\u00f3n matricial<\/strong><\/span><\/li>\n<li><span style=\"color: #99cc00;\"><strong>Medici\u00f3n matricial con preponderancia central<\/strong><\/span><\/li>\n<\/ul>\n<p><img loading=\"lazy\" class=\"aligncenter size-medium wp-image-4360\" src=\"http:\/\/izzobyo.com\/wp-content\/uploads\/2018\/11\/modos_medicion-300x233.png\" alt=\"\" width=\"300\" height=\"233\" \/><\/p>\n<h6><span style=\"color: #99cc00;\"><strong>MEDICI\u00d3N PUNTUAL<\/strong><\/span><\/h6>\n<p>El fot\u00f3metro de la c\u00e1mara mide la luz una peque\u00f1a superficie situada en el centro del visor, concretamente en un 3 % de la superficie del encuadre. As\u00ed, el punto situado en el centro se equipara a un gris neutro. El uso de este modo de medici\u00f3n resulta especialmente \u00fatil y fiable cuando se combina con el modo de exposici\u00f3n manual.<\/p>\n<p><img loading=\"lazy\" class=\"aligncenter  wp-image-4368\" src=\"http:\/\/izzobyo.com\/wp-content\/uploads\/2018\/11\/medicion_puntual-1-300x201.png\" alt=\"\" width=\"420\" height=\"291\" \/><\/p>\n<p style=\"text-align: center;\"><em>Zonas donde mide la luz la c\u00e1mara seg\u00fan modo de medici\u00f3n puntual<\/em><\/p>\n<h6><span style=\"color: #99cc00;\">MEDICI\u00d3N MATRICIAL<\/span><\/h6>\n<p>Este modo es el que viene por defecto en la mayor\u00eda de c\u00e1maras pero es necesario conocer sus limitaciones. Lo podremos utilizar cuando la escena a fotografiar tenga un rango de luminosidad similar al que es capaz de reproducir el sensor de nuestra c\u00e1mara. Lo que hace este modo es\u00a0 dividir el encuadre en varias \u00e1reas, en cada una realiza la medici\u00f3n y calcula un valor de exposici\u00f3n (EV). Despu\u00e9s promedia las exposiciones individuales y asigna una \u00fanica exposici\u00f3n a toda la escena.<\/p>\n<p><img loading=\"lazy\" class=\"aligncenter  wp-image-4365\" src=\"http:\/\/izzobyo.com\/wp-content\/uploads\/2018\/11\/medicion_matricial-300x205.png\" alt=\"\" width=\"428\" height=\"292\" \/><\/p>\n<p style=\"text-align: center;\"><em>Zonas donde mide la luz la c\u00e1mara seg\u00fan modo de medici\u00f3n matricial<\/em><\/p>\n<h6><span style=\"color: #99cc00;\">MEDICI\u00d3N MATRICIAL \u00a0CON PREPONDERACNIA CENTRAL<\/span><\/h6>\n<p>Este modo de medici\u00f3n es una combinaci\u00f3n entre los dos anteriores: realiza una medici\u00f3n en toda el encuadre y el promedio lo realiza ponderando la exposici\u00f3n de la zona central. Dependiendo de la c\u00e1mara, el \u00e1rea al que se asigna el peso para realizar el promedio var\u00eda entre 6 y 12 mm. El uso de este modo se utiliza\u00a0 cuando el sujeto principal se ubica en la zona central de la imagen; esta situaci\u00f3n es habitual en fotograf\u00eda de retrato<\/p>\n<p><img loading=\"lazy\" class=\"aligncenter  wp-image-4366\" src=\"http:\/\/izzobyo.com\/wp-content\/uploads\/2018\/11\/medicion_matricial_central-300x202.png\" alt=\"\" width=\"440\" height=\"295\" \/><\/p>\n<p style=\"text-align: center;\"><em>Zonas donde mide la luz la c\u00e1mara seg\u00fan modo de medici\u00f3n matricial con preponderancia central<\/em><\/p>\n<h6><span style=\"color: #99cc00;\">\u00bfQU\u00c9 MODO DE MEDICI\u00d3N ESCOGER?<\/span><\/h6>\n<p>Una correcta exposici\u00f3n tambi\u00e9n consiste en\u00a0 plasmar nuestra percepci\u00f3n personal de la escena: podemos elegir qu\u00e9 parte de la fotograf\u00eda queremos enfatizar y, por tanto, exponer correctamente.\u00a0 Para ello es importante conocer c\u00f3mo funcionan los modos de medici\u00f3n de la luz de nuestra c\u00e1mara. Para entenderlos mejor, veamos unos ejemplos.<\/p>\n<p>La <strong><span style=\"color: #99cc00;\">medici\u00f3n matricial<\/span><\/strong> es un modo adecuado si queremos tomar una imagen de una escena con variabilidad de los tonos y queremos que todos los elementos salgan m\u00e1s o menos bien expuestos. Por el contrario, si queremos una visi\u00f3n\u00a0 m\u00e1s art\u00edstica de la escena, la medici\u00f3n matricial no es la m\u00e1s adecuada, y es mejor utilizar la medici\u00f3n puntual, ya que podremos medir la luz en las zonas a las que queremos dar protagonismo en la imagen. Por ejemplo, en el caso de la imagen de los cisnes, la medici\u00f3n puntual nos permite medir la luz en la zona del pico y los ojos para que \u00e9stos queden correctamente expuestos, quemando intencionadamente el resto de la imagen.<\/p>\n<p><img loading=\"lazy\" class=\"aligncenter  wp-image-4361\" src=\"http:\/\/izzobyo.com\/wp-content\/uploads\/2018\/11\/ejemplo_medicion_puntual-300x200.png\" alt=\"\" width=\"515\" height=\"343\" \/><\/p>\n<p>Otro caso en el que el uso de la medici\u00f3n puntual es conveniente, es\u00a0 la fotograf\u00eda de paisaje. En este tipo de fotograf\u00eda en la que su preparaci\u00f3n toma su tiempo, podemos determinar con detalle y tranquilidad cu\u00e1les son las zonas en las que queremos medir la luz y c\u00f3mo queremos que \u00e9stas queden expuestas<\/p>\n<p><img loading=\"lazy\" class=\"aligncenter  wp-image-4364\" src=\"http:\/\/izzobyo.com\/wp-content\/uploads\/2018\/11\/ejemplo_medicion_puntual_paisaje-300x199.png\" alt=\"\" width=\"514\" height=\"336\" \/><\/p>\n<p style=\"text-align: center;\"><em>Cuando fotografiamos un paisaje tenemos tiempo para medir tranquilamente la luz y as\u00ed asegurarnos una correcta exposici\u00f3n de la imagen.<\/em><\/p>\n<p>La\u00a0 <strong>medici\u00f3n matricial con preponderancia central<\/strong> suele ser adecuado para escenas en las que se desea captar un halo alrededor de una figura al contraluz, como es la imagen de los monos. En este caso, expuse utilizando el modo matricial con preponderancia central porque me interesaba que la imagen y textura de los dos monos fuera reconocible y no una mancha negra. Este modo de medici\u00f3n expone para el centro pero tambi\u00e9n tiene en cuenta las intensidades de luz del fondo, resultando una exposici\u00f3n con tendencia a las sombras pero sin llegar a quemar el fondo.<\/p>\n<p><img loading=\"lazy\" class=\"aligncenter  wp-image-4362\" src=\"http:\/\/izzobyo.com\/wp-content\/uploads\/2018\/11\/ejemplo_medicion_puntual_3-300x193.png\" alt=\"\" width=\"521\" height=\"337\" \/><\/p>\n<p style=\"text-align: center;\"><em>El modo de medici\u00f3n matricial y preponderancia central resulta \u00fatil para contraluces.<\/em><\/p>\n<p>Desde luego, una opci\u00f3n m\u00e1s precisa es el uso de un fot\u00f3metro de mano, que nos permitir\u00e1 determinar con\u00a0 exactitud cu\u00e1l es el rango din\u00e1mico de la escena que queremos fotografiar lo cual es fundamental si conocemos el rango din\u00e1mico de nuestra c\u00e1mara, ya que nos ayudar\u00e1 a la hora de elegir los filtros a utilizar.\u00a0 Hay que decir en este punto, que el uso de fot\u00f3metros de mano tiene alg\u00fan inconveniente, como es el peso (aunque sea poco) que se a\u00f1ade a nuestro ya pesado equipo fotogr\u00e1fico y, sobretodo, que no es capaz de tener en cuenta los efectos de absorci\u00f3n de luz que muchas lentes tienen, con lo que mide la luz del ambiente pero no realmente la luz que llega al sensor.<\/p>\n","protected":false},"excerpt":{"rendered":"<p>En una entrada anterior hemos definido los modos de exposici\u00f3n, y c\u00f3mo con los modos autom\u00e1ticos y semi-autom\u00e1ticos (Av y Tv), la c\u00e1mara elige los par\u00e1metros que cree conveniente en base a la medici\u00f3n de la luz realizada por el fot\u00f3metro interno. Los modos de medici\u00f3n de la luz m\u00e1s habituales son tres: Medici\u00f3n puntual&hellip;<\/p>\n","protected":false},"author":1,"featured_media":4363,"comment_status":"open","ping_status":"open","sticky":false,"template":"","format":"standard","meta":{"_monsterinsights_skip_tracking":false},"categories":[1],"tags":[112,113,114,115,116,117,25],"yoast_head":"<!-- This site is optimized with the Yoast SEO plugin v14.0.4 - https:\/\/yoast.com\/wordpress\/plugins\/seo\/ -->\n<title>\u00bfQu\u00e9 modo de medici\u00f3n de la luz escoger? ~ productora audiovisual medio ambiente y naturaleza<\/title>\n<meta name=\"description\" content=\"Productora audiovisual naturaleza y medioambiente. Videos turismo sostenible, actividades outdoor. Cursos y talleres de fotograf\u00eda de naturaleza.\" \/>\n<meta name=\"robots\" content=\"index, follow\" \/>\n<meta name=\"googlebot\" content=\"index, follow, max-snippet:-1, max-image-preview:large, max-video-preview:-1\" \/>\n<meta name=\"bingbot\" content=\"index, follow, max-snippet:-1, max-image-preview:large, max-video-preview:-1\" \/>\n<link rel=\"canonical\" href=\"http:\/\/izzobyo.com\/index.php\/2018\/11\/25\/que-modo-de-medicion-de-la-luz-escoger\/\" \/>\n<meta property=\"og:locale\" content=\"es_ES\" \/>\n<meta property=\"og:type\" content=\"article\" \/>\n<meta property=\"og:title\" content=\"\u00bfQu\u00e9 modo de medici\u00f3n de la luz escoger? ~ productora audiovisual medio ambiente y naturaleza\" \/>\n<meta property=\"og:description\" content=\"Productora audiovisual naturaleza y medioambiente. Videos turismo sostenible, actividades outdoor. Cursos y talleres de fotograf\u00eda de naturaleza.\" \/>\n<meta property=\"og:url\" content=\"http:\/\/izzobyo.com\/index.php\/2018\/11\/25\/que-modo-de-medicion-de-la-luz-escoger\/\" \/>\n<meta property=\"og:site_name\" content=\"productora audiovisual medio ambiente y naturaleza\" \/>\n<meta property=\"article:publisher\" content=\"https:\/\/www.facebook.com\/izzobyo\/\" \/>\n<meta property=\"article:published_time\" content=\"2018-11-24T23:47:14+00:00\" \/>\n<meta property=\"og:image\" content=\"http:\/\/izzobyo.com\/wp-content\/uploads\/2018\/11\/ejemplo_medicion_puntual_4-2.png\" \/>\n\t<meta property=\"og:image:width\" content=\"717\" \/>\n\t<meta property=\"og:image:height\" content=\"483\" \/>\n<meta name=\"twitter:card\" content=\"summary_large_image\" \/>\n<script type=\"application\/ld+json\" class=\"yoast-schema-graph\">{\"@context\":\"https:\/\/schema.org\",\"@graph\":[{\"@type\":\"Organization\",\"@id\":\"https:\/\/izzobyo.com\/#organization\",\"name\":\"Izzobyo - Productora audiovisual medio ambiente. Cursos de fotograf\\u00eda de naturaleza\",\"url\":\"https:\/\/izzobyo.com\/\",\"sameAs\":[\"https:\/\/www.facebook.com\/izzobyo\/\",\"https:\/\/www.instagram.com\/izzobyo\/\"],\"logo\":{\"@type\":\"ImageObject\",\"@id\":\"https:\/\/izzobyo.com\/#logo\",\"inLanguage\":\"es\",\"url\":\"https:\/\/izzobyo.com\/wp-content\/uploads\/2020\/04\/logo_cuad-2.png\",\"width\":1133,\"height\":1140,\"caption\":\"Izzobyo - Productora audiovisual medio ambiente. Cursos de fotograf\\u00eda de naturaleza\"},\"image\":{\"@id\":\"https:\/\/izzobyo.com\/#logo\"}},{\"@type\":\"WebSite\",\"@id\":\"https:\/\/izzobyo.com\/#website\",\"url\":\"https:\/\/izzobyo.com\/\",\"name\":\"productora audiovisual medio ambiente y naturaleza\",\"description\":\"producci\\u00f3n de videos corporativos empresas ambientalmente responsables\",\"publisher\":{\"@id\":\"https:\/\/izzobyo.com\/#organization\"},\"potentialAction\":[{\"@type\":\"SearchAction\",\"target\":\"https:\/\/izzobyo.com\/?s={search_term_string}\",\"query-input\":\"required name=search_term_string\"}],\"inLanguage\":\"es\"},{\"@type\":\"ImageObject\",\"@id\":\"http:\/\/izzobyo.com\/index.php\/2018\/11\/25\/que-modo-de-medicion-de-la-luz-escoger\/#primaryimage\",\"inLanguage\":\"es\",\"url\":\"https:\/\/izzobyo.com\/wp-content\/uploads\/2018\/11\/ejemplo_medicion_puntual_4-2.png\",\"width\":717,\"height\":483},{\"@type\":\"WebPage\",\"@id\":\"http:\/\/izzobyo.com\/index.php\/2018\/11\/25\/que-modo-de-medicion-de-la-luz-escoger\/#webpage\",\"url\":\"http:\/\/izzobyo.com\/index.php\/2018\/11\/25\/que-modo-de-medicion-de-la-luz-escoger\/\",\"name\":\"\\u00bfQu\\u00e9 modo de medici\\u00f3n de la luz escoger? ~ productora audiovisual medio ambiente y naturaleza\",\"isPartOf\":{\"@id\":\"https:\/\/izzobyo.com\/#website\"},\"primaryImageOfPage\":{\"@id\":\"http:\/\/izzobyo.com\/index.php\/2018\/11\/25\/que-modo-de-medicion-de-la-luz-escoger\/#primaryimage\"},\"datePublished\":\"2018-11-24T23:47:14+00:00\",\"dateModified\":\"2018-11-24T23:47:14+00:00\",\"description\":\"Productora audiovisual naturaleza y medioambiente. Videos turismo sostenible, actividades outdoor. Cursos y talleres de fotograf\\u00eda de naturaleza.\",\"inLanguage\":\"es\",\"potentialAction\":[{\"@type\":\"ReadAction\",\"target\":[\"http:\/\/izzobyo.com\/index.php\/2018\/11\/25\/que-modo-de-medicion-de-la-luz-escoger\/\"]}]},{\"@type\":\"Article\",\"@id\":\"http:\/\/izzobyo.com\/index.php\/2018\/11\/25\/que-modo-de-medicion-de-la-luz-escoger\/#article\",\"isPartOf\":{\"@id\":\"http:\/\/izzobyo.com\/index.php\/2018\/11\/25\/que-modo-de-medicion-de-la-luz-escoger\/#webpage\"},\"author\":{\"@id\":\"https:\/\/izzobyo.com\/#\/schema\/person\/b17883d817dde83f19dc6a6eb9fdc60b\"},\"headline\":\"\\u00bfQu\\u00e9 modo de medici\\u00f3n de la luz escoger?\",\"datePublished\":\"2018-11-24T23:47:14+00:00\",\"dateModified\":\"2018-11-24T23:47:14+00:00\",\"commentCount\":0,\"mainEntityOfPage\":{\"@id\":\"http:\/\/izzobyo.com\/index.php\/2018\/11\/25\/que-modo-de-medicion-de-la-luz-escoger\/#webpage\"},\"publisher\":{\"@id\":\"https:\/\/izzobyo.com\/#organization\"},\"image\":{\"@id\":\"http:\/\/izzobyo.com\/index.php\/2018\/11\/25\/que-modo-de-medicion-de-la-luz-escoger\/#primaryimage\"},\"keywords\":\"c\\u00e1mara,conoce tu c\\u00e1mara,manual,manual camara,medicion de la luz,modos meidici\\u00f3n,t\\u00e9cnica\",\"inLanguage\":\"es\",\"potentialAction\":[{\"@type\":\"CommentAction\",\"name\":\"Comment\",\"target\":[\"http:\/\/izzobyo.com\/index.php\/2018\/11\/25\/que-modo-de-medicion-de-la-luz-escoger\/#respond\"]}]},{\"@type\":[\"Person\"],\"@id\":\"https:\/\/izzobyo.com\/#\/schema\/person\/b17883d817dde83f19dc6a6eb9fdc60b\",\"name\":\"izzobyo\",\"image\":{\"@type\":\"ImageObject\",\"@id\":\"https:\/\/izzobyo.com\/#personlogo\",\"inLanguage\":\"es\",\"url\":\"https:\/\/secure.gravatar.com\/avatar\/d2413bb7891e82198d763435d74f4396?s=96&d=mm&r=g\",\"caption\":\"izzobyo\"}}]}<\/script>\n<!-- \/ Yoast SEO plugin. -->","_links":{"self":[{"href":"https:\/\/izzobyo.com\/index.php\/wp-json\/wp\/v2\/posts\/4359"}],"collection":[{"href":"https:\/\/izzobyo.com\/index.php\/wp-json\/wp\/v2\/posts"}],"about":[{"href":"https:\/\/izzobyo.com\/index.php\/wp-json\/wp\/v2\/types\/post"}],"author":[{"embeddable":true,"href":"https:\/\/izzobyo.com\/index.php\/wp-json\/wp\/v2\/users\/1"}],"replies":[{"embeddable":true,"href":"https:\/\/izzobyo.com\/index.php\/wp-json\/wp\/v2\/comments?post=4359"}],"version-history":[{"count":0,"href":"https:\/\/izzobyo.com\/index.php\/wp-json\/wp\/v2\/posts\/4359\/revisions"}],"wp:featuredmedia":[{"embeddable":true,"href":"https:\/\/izzobyo.com\/index.php\/wp-json\/wp\/v2\/media\/4363"}],"wp:attachment":[{"href":"https:\/\/izzobyo.com\/index.php\/wp-json\/wp\/v2\/media?parent=4359"}],"wp:term":[{"taxonomy":"category","embeddable":true,"href":"https:\/\/izzobyo.com\/index.php\/wp-json\/wp\/v2\/categories?post=4359"},{"taxonomy":"post_tag","embeddable":true,"href":"https:\/\/izzobyo.com\/index.php\/wp-json\/wp\/v2\/tags?post=4359"}],"curies":[{"name":"wp","href":"https:\/\/api.w.org\/{rel}","templated":true}]}}