{"id":4229,"date":"2018-07-30T04:29:19","date_gmt":"2018-07-30T02:29:19","guid":{"rendered":"http:\/\/izzobyo.com\/?p=4229"},"modified":"2018-07-30T04:29:19","modified_gmt":"2018-07-30T02:29:19","slug":"exposicion-gdt-european-wildlife-photographer-of-the-year-2017","status":"publish","type":"post","link":"https:\/\/izzobyo.com\/index.php\/2018\/07\/30\/exposicion-gdt-european-wildlife-photographer-of-the-year-2017\/","title":{"rendered":"Exposici\u00f3n GDT European Wildlife Photographer of the year 2017"},"content":{"rendered":"<p>En Izzobyo nos gusta ir\u00a0de exposiciones, porque una de las mejores formas de aprender fotograf\u00eda es mirar, mirar y mirar fotograf\u00edas de otros.<\/p>\n<p><img loading=\"lazy\" class=\" wp-image-4237 aligncenter\" src=\"http:\/\/izzobyo.com\/wp-content\/uploads\/2018\/07\/20180724_162715-compressed-300x169.jpg\" alt=\"\" width=\"421\" height=\"237\" \/><\/p>\n<p><img loading=\"lazy\" class=\"wp-image-4240 aligncenter\" src=\"http:\/\/izzobyo.com\/wp-content\/uploads\/2018\/07\/20180724_163222-compressed-300x169.jpg\" alt=\"\" width=\"423\" height=\"238\" \/><\/p>\n<p>En este caso, aprovechando nuestra escapada por tierras gallegas, hemos ido a ver la exposici\u00f3n\u00a0 <strong>Fot\u00f3grafos da Natureza 2018<\/strong>.\u00a0 La exposici\u00f3n se encuentra en la sala Isabel Castelo del Aquarium Finisterrae que permanecer\u00e1 abierta al p\u00fablico hasta el 31 de octubre.<\/p>\n<p>La exposici\u00f3n contiene las 84 im\u00e1genes galardonadas en las diferentes categor\u00edas de\u00a0la \u00faltima edici\u00f3n del concurso &#8220;GDT European Wildlife Photographer of the Year&#8221;, promovido por la Asociaci\u00f3n Alemana de Fot\u00f3grafos de la Naturaleza. Por primera vez en los\u00a0dieciocho a\u00f1os de historia del concurso, dos fotograf\u00edas ganadoras\u00a0absolutas:\u00a0 &#8220;Incautado&#8221;, de la alemana Jaschinski, y &#8220;Pelexa na neve&#8221;, del noruego Haarberg.El certamen, que promueve desde el a\u00f1o 2000 la Asociaci\u00f3n Alemana de Fot\u00f3grafos de la Naturaleza (GDT en sus siglas en alem\u00e1n),\u00a0tiene entre sus objetivos promover el conocimiento de la natutaleza y su conservaci\u00f3n.<\/p>\n<p><img loading=\"lazy\" class=\" wp-image-4239 aligncenter\" src=\"http:\/\/izzobyo.com\/wp-content\/uploads\/2018\/07\/20180724_163142-compressed-300x169.jpg\" alt=\"\" width=\"419\" height=\"236\" \/><\/p>\n<p style=\"text-align: center;\">Las dos fotograf\u00edas ganadoras absolutas<\/p>\n<div>Adem\u00e1s, en esta ocasi\u00f3n, uno de los miembros de Izzobyo (Borja Bouza) obtuvo una menci\u00f3n de honor en el concurso y pudimos hacer una &#8220;foto de la foto&#8221;: &#8220;\u00bfSolo un cangrejo?&#8221;, realizada en la Isla Isabela (Islas Gal\u00e1pagos).<\/div>\n<div>\u00a0\u00a0\u00a0\u00a0<img loading=\"lazy\" class=\" wp-image-4241 aligncenter\" src=\"http:\/\/izzobyo.com\/wp-content\/uploads\/2018\/07\/20180724_163852-compressed-300x169.jpg\" alt=\"\" width=\"475\" height=\"268\" \/><\/div>\n<p style=\"text-align: center;\">Fotograf\u00eda galardonada con menci\u00f3n de honor de Izzobyo (Borja Bouza)<\/p>\n","protected":false},"excerpt":{"rendered":"<p>En Izzobyo nos gusta ir\u00a0de exposiciones, porque una de las mejores formas de aprender fotograf\u00eda es mirar, mirar y mirar fotograf\u00edas de otros. En este caso, aprovechando nuestra escapada por tierras gallegas, hemos ido a ver la exposici\u00f3n\u00a0 Fot\u00f3grafos da Natureza 2018.\u00a0 La exposici\u00f3n se encuentra en la sala Isabel Castelo del Aquarium Finisterrae que&hellip;<\/p>\n","protected":false},"author":1,"featured_media":4230,"comment_status":"open","ping_status":"open","sticky":false,"template":"","format":"standard","meta":{"_monsterinsights_skip_tracking":false},"categories":[1],"tags":[15,84,85,70,86,48],"yoast_head":"<!-- This site is optimized with the Yoast SEO plugin v14.0.4 - https:\/\/yoast.com\/wordpress\/plugins\/seo\/ -->\n<title>Exposici\u00f3n GDT European Wildlife Photographer of the year 2017 ~ productora audiovisual medio ambiente y naturaleza<\/title>\n<meta name=\"description\" content=\"Productora audiovisual naturaleza y medioambiente. Videos turismo sostenible, actividades outdoor. Cursos y talleres de fotograf\u00eda de naturaleza.\" \/>\n<meta name=\"robots\" content=\"index, follow\" \/>\n<meta name=\"googlebot\" content=\"index, follow, max-snippet:-1, max-image-preview:large, max-video-preview:-1\" \/>\n<meta name=\"bingbot\" content=\"index, follow, max-snippet:-1, max-image-preview:large, max-video-preview:-1\" \/>\n<link rel=\"canonical\" href=\"http:\/\/izzobyo.com\/index.php\/2018\/07\/30\/exposicion-gdt-european-wildlife-photographer-of-the-year-2017\/\" \/>\n<meta property=\"og:locale\" content=\"es_ES\" \/>\n<meta property=\"og:type\" content=\"article\" \/>\n<meta property=\"og:title\" content=\"Exposici\u00f3n GDT European Wildlife Photographer of the year 2017 ~ productora audiovisual medio ambiente y naturaleza\" \/>\n<meta property=\"og:description\" content=\"Productora audiovisual naturaleza y medioambiente. Videos turismo sostenible, actividades outdoor. Cursos y talleres de fotograf\u00eda de naturaleza.\" \/>\n<meta property=\"og:url\" content=\"http:\/\/izzobyo.com\/index.php\/2018\/07\/30\/exposicion-gdt-european-wildlife-photographer-of-the-year-2017\/\" \/>\n<meta property=\"og:site_name\" content=\"productora audiovisual medio ambiente y naturaleza\" \/>\n<meta property=\"article:publisher\" content=\"https:\/\/www.facebook.com\/izzobyo\/\" \/>\n<meta property=\"article:published_time\" content=\"2018-07-30T02:29:19+00:00\" \/>\n<meta property=\"og:image\" content=\"http:\/\/izzobyo.com\/wp-content\/uploads\/2018\/07\/20180724_162612-2-scaled.jpg\" \/>\n\t<meta property=\"og:image:width\" content=\"2560\" \/>\n\t<meta property=\"og:image:height\" content=\"1440\" \/>\n<meta name=\"twitter:card\" content=\"summary_large_image\" \/>\n<script type=\"application\/ld+json\" class=\"yoast-schema-graph\">{\"@context\":\"https:\/\/schema.org\",\"@graph\":[{\"@type\":\"Organization\",\"@id\":\"https:\/\/izzobyo.com\/#organization\",\"name\":\"Izzobyo - Productora audiovisual medio ambiente. Cursos de fotograf\\u00eda de naturaleza\",\"url\":\"https:\/\/izzobyo.com\/\",\"sameAs\":[\"https:\/\/www.facebook.com\/izzobyo\/\",\"https:\/\/www.instagram.com\/izzobyo\/\"],\"logo\":{\"@type\":\"ImageObject\",\"@id\":\"https:\/\/izzobyo.com\/#logo\",\"inLanguage\":\"es\",\"url\":\"https:\/\/izzobyo.com\/wp-content\/uploads\/2020\/04\/logo_cuad-2.png\",\"width\":1133,\"height\":1140,\"caption\":\"Izzobyo - Productora audiovisual medio ambiente. Cursos de fotograf\\u00eda de naturaleza\"},\"image\":{\"@id\":\"https:\/\/izzobyo.com\/#logo\"}},{\"@type\":\"WebSite\",\"@id\":\"https:\/\/izzobyo.com\/#website\",\"url\":\"https:\/\/izzobyo.com\/\",\"name\":\"productora audiovisual medio ambiente y naturaleza\",\"description\":\"producci\\u00f3n de videos corporativos empresas ambientalmente responsables\",\"publisher\":{\"@id\":\"https:\/\/izzobyo.com\/#organization\"},\"potentialAction\":[{\"@type\":\"SearchAction\",\"target\":\"https:\/\/izzobyo.com\/?s={search_term_string}\",\"query-input\":\"required name=search_term_string\"}],\"inLanguage\":\"es\"},{\"@type\":\"ImageObject\",\"@id\":\"http:\/\/izzobyo.com\/index.php\/2018\/07\/30\/exposicion-gdt-european-wildlife-photographer-of-the-year-2017\/#primaryimage\",\"inLanguage\":\"es\",\"url\":\"https:\/\/izzobyo.com\/wp-content\/uploads\/2018\/07\/20180724_162612-2-scaled.jpg\",\"width\":2560,\"height\":1440},{\"@type\":\"WebPage\",\"@id\":\"http:\/\/izzobyo.com\/index.php\/2018\/07\/30\/exposicion-gdt-european-wildlife-photographer-of-the-year-2017\/#webpage\",\"url\":\"http:\/\/izzobyo.com\/index.php\/2018\/07\/30\/exposicion-gdt-european-wildlife-photographer-of-the-year-2017\/\",\"name\":\"Exposici\\u00f3n GDT European Wildlife Photographer of the year 2017 ~ productora audiovisual medio ambiente y naturaleza\",\"isPartOf\":{\"@id\":\"https:\/\/izzobyo.com\/#website\"},\"primaryImageOfPage\":{\"@id\":\"http:\/\/izzobyo.com\/index.php\/2018\/07\/30\/exposicion-gdt-european-wildlife-photographer-of-the-year-2017\/#primaryimage\"},\"datePublished\":\"2018-07-30T02:29:19+00:00\",\"dateModified\":\"2018-07-30T02:29:19+00:00\",\"description\":\"Productora audiovisual naturaleza y medioambiente. Videos turismo sostenible, actividades outdoor. Cursos y talleres de fotograf\\u00eda de naturaleza.\",\"inLanguage\":\"es\",\"potentialAction\":[{\"@type\":\"ReadAction\",\"target\":[\"http:\/\/izzobyo.com\/index.php\/2018\/07\/30\/exposicion-gdt-european-wildlife-photographer-of-the-year-2017\/\"]}]},{\"@type\":\"Article\",\"@id\":\"http:\/\/izzobyo.com\/index.php\/2018\/07\/30\/exposicion-gdt-european-wildlife-photographer-of-the-year-2017\/#article\",\"isPartOf\":{\"@id\":\"http:\/\/izzobyo.com\/index.php\/2018\/07\/30\/exposicion-gdt-european-wildlife-photographer-of-the-year-2017\/#webpage\"},\"author\":{\"@id\":\"https:\/\/izzobyo.com\/#\/schema\/person\/b17883d817dde83f19dc6a6eb9fdc60b\"},\"headline\":\"Exposici\\u00f3n GDT European Wildlife Photographer of the year 2017\",\"datePublished\":\"2018-07-30T02:29:19+00:00\",\"dateModified\":\"2018-07-30T02:29:19+00:00\",\"commentCount\":0,\"mainEntityOfPage\":{\"@id\":\"http:\/\/izzobyo.com\/index.php\/2018\/07\/30\/exposicion-gdt-european-wildlife-photographer-of-the-year-2017\/#webpage\"},\"publisher\":{\"@id\":\"https:\/\/izzobyo.com\/#organization\"},\"image\":{\"@id\":\"http:\/\/izzobyo.com\/index.php\/2018\/07\/30\/exposicion-gdt-european-wildlife-photographer-of-the-year-2017\/#primaryimage\"},\"keywords\":\"concurso,expo,exposici\\u00f3n,Fotografia de natura,GDT,izzobyo\",\"inLanguage\":\"es\",\"potentialAction\":[{\"@type\":\"CommentAction\",\"name\":\"Comment\",\"target\":[\"http:\/\/izzobyo.com\/index.php\/2018\/07\/30\/exposicion-gdt-european-wildlife-photographer-of-the-year-2017\/#respond\"]}]},{\"@type\":[\"Person\"],\"@id\":\"https:\/\/izzobyo.com\/#\/schema\/person\/b17883d817dde83f19dc6a6eb9fdc60b\",\"name\":\"izzobyo\",\"image\":{\"@type\":\"ImageObject\",\"@id\":\"https:\/\/izzobyo.com\/#personlogo\",\"inLanguage\":\"es\",\"url\":\"https:\/\/secure.gravatar.com\/avatar\/d2413bb7891e82198d763435d74f4396?s=96&d=mm&r=g\",\"caption\":\"izzobyo\"}}]}<\/script>\n<!-- \/ Yoast SEO plugin. -->","_links":{"self":[{"href":"https:\/\/izzobyo.com\/index.php\/wp-json\/wp\/v2\/posts\/4229"}],"collection":[{"href":"https:\/\/izzobyo.com\/index.php\/wp-json\/wp\/v2\/posts"}],"about":[{"href":"https:\/\/izzobyo.com\/index.php\/wp-json\/wp\/v2\/types\/post"}],"author":[{"embeddable":true,"href":"https:\/\/izzobyo.com\/index.php\/wp-json\/wp\/v2\/users\/1"}],"replies":[{"embeddable":true,"href":"https:\/\/izzobyo.com\/index.php\/wp-json\/wp\/v2\/comments?post=4229"}],"version-history":[{"count":0,"href":"https:\/\/izzobyo.com\/index.php\/wp-json\/wp\/v2\/posts\/4229\/revisions"}],"wp:featuredmedia":[{"embeddable":true,"href":"https:\/\/izzobyo.com\/index.php\/wp-json\/wp\/v2\/media\/4230"}],"wp:attachment":[{"href":"https:\/\/izzobyo.com\/index.php\/wp-json\/wp\/v2\/media?parent=4229"}],"wp:term":[{"taxonomy":"category","embeddable":true,"href":"https:\/\/izzobyo.com\/index.php\/wp-json\/wp\/v2\/categories?post=4229"},{"taxonomy":"post_tag","embeddable":true,"href":"https:\/\/izzobyo.com\/index.php\/wp-json\/wp\/v2\/tags?post=4229"}],"curies":[{"name":"wp","href":"https:\/\/api.w.org\/{rel}","templated":true}]}}