{"id":4124,"date":"2018-06-05T10:57:52","date_gmt":"2018-06-05T08:57:52","guid":{"rendered":"http:\/\/izzobyo.com\/?p=4124"},"modified":"2018-06-05T10:57:52","modified_gmt":"2018-06-05T08:57:52","slug":"una-tienda-de-fotografia-suiza","status":"publish","type":"post","link":"https:\/\/izzobyo.com\/index.php\/2018\/06\/05\/una-tienda-de-fotografia-suiza\/","title":{"rendered":"Una tienda de fotograf\u00eda Suiza&#8230;"},"content":{"rendered":"<h6>\u00bfBarato en Suiza?<\/h6>\n<p>Hoy Izzobyo va de compras\u2026 una agradable sorpresa en una salida fotogr\u00e1fica por tierras suizas, ha sido hacer caer el mito de que en Suiza TODO es desorbitadamente caro. Si bien el coste de vida por tierras helv\u00e9ticas dista much\u00edsimo de ser barato y las probabilidades de que alguna desagradable sorpresa de tipo econ\u00f3mico salga a nuestro paso, existen cosas que no lo son tanto o, mejor a\u00fan, son m\u00e1s baratas.<\/p>\n<p>\u00bfY por qu\u00e9 estas consideraciones sobre la econom\u00eda dom\u00e9stica del pa\u00eds del chocolate? Pues como podr\u00e9is intuir, alguna relaci\u00f3n con la fotograf\u00eda debe de tener. Y as\u00ed es, muy cerquita de la estaci\u00f3n de tren de Lausanne, se encuentra una peque\u00f1ita tienda de fotos: Photo Grancy. Tal vez, su apariencia no sea la m\u00e1s adecuada para pensar en lo que detr\u00e1s esconde, pues parece que llevan 20 a\u00f1os \u00a0o m\u00e1s con la misma est\u00e9tica de \u201c<strong>fotos en 1 hora<\/strong>\u201d. Pero eso poco importa. Tienen material de segunda mano en muy buenas condiciones y bien de precio (por ejemplo, un Canon 400f\/2.8 IS, aparentemente nuevecito por unos 5.500CHF \u2013 unos 4.000 euros).<\/p>\n<h6>Los precios<\/h6>\n<p>Los precios de objetivos nuevos son tambi\u00e9n sorprendentes: un Canon\u00a0 24-70 f\/4 IS por 750 euros, un 70-200 f\/4 por 500 euros, un Canon 24-70 IS por 900 euros, el Canon 70-300 L IS f\/4-5.6 por menos de 1.100 euros\u2026. y algunas otras ofertas realmente sorprendentes. Vamos, que realmente si est\u00e1is pensando ir por tierras suizas, es m\u00e1s que recomendable acercaros por esta peque\u00f1a tiendecita para echar un ojo a las sorpresas que pueden tener.<\/p>\n<p><img loading=\"lazy\" class=\" wp-image-4125 aligncenter\" src=\"http:\/\/izzobyo.com\/wp-content\/uploads\/2018\/06\/photo-ganchy-300x178.png\" alt=\"tienda fotografia barata\" width=\"396\" height=\"235\" \/><\/p>\n<p>Aunque no sea excesivamente informativo, pod\u00e9is echar un vistazo\u00a0<a href=\"http:\/\/www.photograncy.ch\/\">a su sitio web<\/a>.<\/p>\n","protected":false},"excerpt":{"rendered":"<p>\u00bfBarato en Suiza? Hoy Izzobyo va de compras\u2026 una agradable sorpresa en una salida fotogr\u00e1fica por tierras suizas, ha sido hacer caer el mito de que en Suiza TODO es desorbitadamente caro. Si bien el coste de vida por tierras helv\u00e9ticas dista much\u00edsimo de ser barato y las probabilidades de que alguna desagradable sorpresa de&hellip;<\/p>\n","protected":false},"author":1,"featured_media":0,"comment_status":"open","ping_status":"open","sticky":false,"template":"","format":"standard","meta":{"_monsterinsights_skip_tracking":false},"categories":[2],"tags":[49,50,51,52],"yoast_head":"<!-- This site is optimized with the Yoast SEO plugin v14.0.4 - https:\/\/yoast.com\/wordpress\/plugins\/seo\/ -->\n<title>Una tienda de fotograf\u00eda Suiza... ~ productora audiovisual medio ambiente y naturaleza<\/title>\n<meta name=\"description\" content=\"Productora audiovisual naturaleza y medioambiente. Videos turismo sostenible, actividades outdoor. Cursos y talleres de fotograf\u00eda de naturaleza.\" \/>\n<meta name=\"robots\" content=\"index, follow\" \/>\n<meta name=\"googlebot\" content=\"index, follow, max-snippet:-1, max-image-preview:large, max-video-preview:-1\" \/>\n<meta name=\"bingbot\" content=\"index, follow, max-snippet:-1, max-image-preview:large, max-video-preview:-1\" \/>\n<link rel=\"canonical\" href=\"https:\/\/izzobyo.com\/index.php\/2018\/06\/05\/una-tienda-de-fotografia-suiza\/\" \/>\n<meta property=\"og:locale\" content=\"es_ES\" \/>\n<meta property=\"og:type\" content=\"article\" \/>\n<meta property=\"og:title\" content=\"Una tienda de fotograf\u00eda Suiza... ~ productora audiovisual medio ambiente y naturaleza\" \/>\n<meta property=\"og:description\" content=\"Productora audiovisual naturaleza y medioambiente. Videos turismo sostenible, actividades outdoor. Cursos y talleres de fotograf\u00eda de naturaleza.\" \/>\n<meta property=\"og:url\" content=\"https:\/\/izzobyo.com\/index.php\/2018\/06\/05\/una-tienda-de-fotografia-suiza\/\" \/>\n<meta property=\"og:site_name\" content=\"productora audiovisual medio ambiente y naturaleza\" \/>\n<meta property=\"article:publisher\" content=\"https:\/\/www.facebook.com\/izzobyo\/\" \/>\n<meta property=\"article:published_time\" content=\"2018-06-05T08:57:52+00:00\" \/>\n<meta property=\"og:image\" content=\"http:\/\/izzobyo.com\/wp-content\/uploads\/2018\/06\/photo-ganchy-300x178.png\" \/>\n<meta name=\"twitter:card\" content=\"summary_large_image\" \/>\n<script type=\"application\/ld+json\" class=\"yoast-schema-graph\">{\"@context\":\"https:\/\/schema.org\",\"@graph\":[{\"@type\":\"Organization\",\"@id\":\"https:\/\/izzobyo.com\/#organization\",\"name\":\"Izzobyo - Productora audiovisual medio ambiente. Cursos de fotograf\\u00eda de naturaleza\",\"url\":\"https:\/\/izzobyo.com\/\",\"sameAs\":[\"https:\/\/www.facebook.com\/izzobyo\/\",\"https:\/\/www.instagram.com\/izzobyo\/\"],\"logo\":{\"@type\":\"ImageObject\",\"@id\":\"https:\/\/izzobyo.com\/#logo\",\"inLanguage\":\"es\",\"url\":\"https:\/\/izzobyo.com\/wp-content\/uploads\/2020\/04\/logo_cuad-2.png\",\"width\":1133,\"height\":1140,\"caption\":\"Izzobyo - Productora audiovisual medio ambiente. Cursos de fotograf\\u00eda de naturaleza\"},\"image\":{\"@id\":\"https:\/\/izzobyo.com\/#logo\"}},{\"@type\":\"WebSite\",\"@id\":\"https:\/\/izzobyo.com\/#website\",\"url\":\"https:\/\/izzobyo.com\/\",\"name\":\"productora audiovisual medio ambiente y naturaleza\",\"description\":\"producci\\u00f3n de videos corporativos empresas ambientalmente responsables\",\"publisher\":{\"@id\":\"https:\/\/izzobyo.com\/#organization\"},\"potentialAction\":[{\"@type\":\"SearchAction\",\"target\":\"https:\/\/izzobyo.com\/?s={search_term_string}\",\"query-input\":\"required name=search_term_string\"}],\"inLanguage\":\"es\"},{\"@type\":\"ImageObject\",\"@id\":\"https:\/\/izzobyo.com\/index.php\/2018\/06\/05\/una-tienda-de-fotografia-suiza\/#primaryimage\",\"inLanguage\":\"es\",\"url\":\"http:\/\/izzobyo.com\/wp-content\/uploads\/2018\/06\/photo-ganchy-300x178.png\"},{\"@type\":\"WebPage\",\"@id\":\"https:\/\/izzobyo.com\/index.php\/2018\/06\/05\/una-tienda-de-fotografia-suiza\/#webpage\",\"url\":\"https:\/\/izzobyo.com\/index.php\/2018\/06\/05\/una-tienda-de-fotografia-suiza\/\",\"name\":\"Una tienda de fotograf\\u00eda Suiza... ~ productora audiovisual medio ambiente y naturaleza\",\"isPartOf\":{\"@id\":\"https:\/\/izzobyo.com\/#website\"},\"primaryImageOfPage\":{\"@id\":\"https:\/\/izzobyo.com\/index.php\/2018\/06\/05\/una-tienda-de-fotografia-suiza\/#primaryimage\"},\"datePublished\":\"2018-06-05T08:57:52+00:00\",\"dateModified\":\"2018-06-05T08:57:52+00:00\",\"description\":\"Productora audiovisual naturaleza y medioambiente. Videos turismo sostenible, actividades outdoor. Cursos y talleres de fotograf\\u00eda de naturaleza.\",\"inLanguage\":\"es\",\"potentialAction\":[{\"@type\":\"ReadAction\",\"target\":[\"https:\/\/izzobyo.com\/index.php\/2018\/06\/05\/una-tienda-de-fotografia-suiza\/\"]}]},{\"@type\":\"Article\",\"@id\":\"https:\/\/izzobyo.com\/index.php\/2018\/06\/05\/una-tienda-de-fotografia-suiza\/#article\",\"isPartOf\":{\"@id\":\"https:\/\/izzobyo.com\/index.php\/2018\/06\/05\/una-tienda-de-fotografia-suiza\/#webpage\"},\"author\":{\"@id\":\"https:\/\/izzobyo.com\/#\/schema\/person\/b17883d817dde83f19dc6a6eb9fdc60b\"},\"headline\":\"Una tienda de fotograf\\u00eda Suiza&#8230;\",\"datePublished\":\"2018-06-05T08:57:52+00:00\",\"dateModified\":\"2018-06-05T08:57:52+00:00\",\"commentCount\":0,\"mainEntityOfPage\":{\"@id\":\"https:\/\/izzobyo.com\/index.php\/2018\/06\/05\/una-tienda-de-fotografia-suiza\/#webpage\"},\"publisher\":{\"@id\":\"https:\/\/izzobyo.com\/#organization\"},\"image\":{\"@id\":\"https:\/\/izzobyo.com\/index.php\/2018\/06\/05\/una-tienda-de-fotografia-suiza\/#primaryimage\"},\"keywords\":\"compras,material,suiza,tienda\",\"articleSection\":\"Blog\",\"inLanguage\":\"es\",\"potentialAction\":[{\"@type\":\"CommentAction\",\"name\":\"Comment\",\"target\":[\"https:\/\/izzobyo.com\/index.php\/2018\/06\/05\/una-tienda-de-fotografia-suiza\/#respond\"]}]},{\"@type\":[\"Person\"],\"@id\":\"https:\/\/izzobyo.com\/#\/schema\/person\/b17883d817dde83f19dc6a6eb9fdc60b\",\"name\":\"izzobyo\",\"image\":{\"@type\":\"ImageObject\",\"@id\":\"https:\/\/izzobyo.com\/#personlogo\",\"inLanguage\":\"es\",\"url\":\"https:\/\/secure.gravatar.com\/avatar\/d2413bb7891e82198d763435d74f4396?s=96&d=mm&r=g\",\"caption\":\"izzobyo\"}}]}<\/script>\n<!-- \/ Yoast SEO plugin. -->","_links":{"self":[{"href":"https:\/\/izzobyo.com\/index.php\/wp-json\/wp\/v2\/posts\/4124"}],"collection":[{"href":"https:\/\/izzobyo.com\/index.php\/wp-json\/wp\/v2\/posts"}],"about":[{"href":"https:\/\/izzobyo.com\/index.php\/wp-json\/wp\/v2\/types\/post"}],"author":[{"embeddable":true,"href":"https:\/\/izzobyo.com\/index.php\/wp-json\/wp\/v2\/users\/1"}],"replies":[{"embeddable":true,"href":"https:\/\/izzobyo.com\/index.php\/wp-json\/wp\/v2\/comments?post=4124"}],"version-history":[{"count":0,"href":"https:\/\/izzobyo.com\/index.php\/wp-json\/wp\/v2\/posts\/4124\/revisions"}],"wp:attachment":[{"href":"https:\/\/izzobyo.com\/index.php\/wp-json\/wp\/v2\/media?parent=4124"}],"wp:term":[{"taxonomy":"category","embeddable":true,"href":"https:\/\/izzobyo.com\/index.php\/wp-json\/wp\/v2\/categories?post=4124"},{"taxonomy":"post_tag","embeddable":true,"href":"https:\/\/izzobyo.com\/index.php\/wp-json\/wp\/v2\/tags?post=4124"}],"curies":[{"name":"wp","href":"https:\/\/api.w.org\/{rel}","templated":true}]}}